{"id":2538840,"date":"2026-02-25T03:35:58","date_gmt":"2026-02-25T01:35:58","guid":{"rendered":"https:\/\/www.enikos.gr\/?p=2538840"},"modified":"2026-02-25T07:10:30","modified_gmt":"2026-02-25T05:10:30","slug":"tourkia-syntrivi-machitikou-aeroskafous-f-16-sto-balikesir-nekros-o-pilotos-deite-vinteo","status":"publish","type":"post","link":"https:\/\/www.enikos.gr\/international\/tourkia-syntrivi-machitikou-aeroskafous-f-16-sto-balikesir-nekros-o-pilotos-deite-vinteo\/2538840\/","title":{"rendered":"\u03a4\u03bf\u03c5\u03c1\u03ba\u03af\u03b1: \u03a3\u03c5\u03bd\u03c4\u03c1\u03b9\u03b2\u03ae \u03bc\u03b1\u03c7\u03b7\u03c4\u03b9\u03ba\u03bf\u03cd \u03b1\u03b5\u03c1\u03bf\u03c3\u03ba\u03ac\u03c6\u03bf\u03c5\u03c2 F-16 \u03c3\u03c4\u03bf \u039c\u03c0\u03b1\u03bb\u03af\u03ba\u03b5\u03c3\u03b9\u03c1, \u03bd\u03b5\u03ba\u03c1\u03cc\u03c2 \u03bf \u03c0\u03b9\u03bb\u03cc\u03c4\u03bf\u03c2 &#8211; \u0394\u03b5\u03af\u03c4\u03b5 \u03b2\u03af\u03bd\u03c4\u03b5\u03bf"},"content":{"rendered":"<p>\u039c\u03b1\u03c7\u03b7\u03c4\u03b9\u03ba\u03cc \u03b1\u03b5\u03c1\u03bf\u03c3\u03ba\u03ac\u03c6\u03bf\u03c2 <a href=\"https:\/\/www.enikos.gr\/tag\/f-16\/\">F-16<\/a> \u03c4\u03b7\u03c2 \u03c4\u03bf\u03c5\u03c1\u03ba\u03b9\u03ba\u03ae\u03c2 \u03b1\u03b5\u03c1\u03bf\u03c0\u03bf\u03c1\u03af\u03b1\u03c2 <a href=\"https:\/\/www.enikos.gr\/tag\/%CE%A3%CE%A5%CE%9D%CE%A4%CE%A1%CE%99%CE%92%CE%97-%CE%91%CE%95%CE%A1%CE%9F%CE%A3%CE%9A%CE%91%CE%A6%CE%9F%CE%A5%CE%A3\/\">\u03c3\u03c5\u03bd\u03b5\u03c4\u03c1\u03af\u03b2\u03b7<\/a> \u03be\u03b7\u03bc\u03b5\u03c1\u03ce\u03bc\u03b1\u03c4\u03b1 \u03a4\u03b5\u03c4\u03ac\u03c1\u03c4\u03b7\u03c2 \u03c3\u03c4\u03bf \u039c\u03c0\u03b1\u03bb\u03af\u03ba\u03b5\u03c3\u03b9\u03c1 \u03c4\u03b7\u03c2 <a href=\"https:\/\/www.enikos.gr\/tag\/%CE%A4%CE%9F%CE%A5%CE%A1%CE%9A%CE%99%CE%91\/\">\u03a4\u03bf\u03c5\u03c1\u03ba\u03af\u03b1\u03c2<\/a>, \u03bc\u03b5 \u03b1\u03c0\u03bf\u03c4\u03ad\u03bb\u03b5\u03c3\u03bc\u03b1 \u03c4\u03bf\u03bd \u03b8\u03ac\u03bd\u03b1\u03c4\u03bf \u03c4\u03bf\u03c5 \u03c0\u03b9\u03bb\u03cc\u03c4\u03bf\u03c5.<\/p>\n<p>\u039f \u03bd\u03bf\u03bc\u03ac\u03c1\u03c7\u03b7\u03c2 \u03c4\u03bf\u03c5 \u039c\u03c0\u03b1\u03bb\u03af\u03ba\u03b5\u03c3\u03af\u03c1, \u0399\u03c3\u03bc\u03b1\u03ae\u03bb \u039f\u03c5\u03c3\u03c4\u03ac\u03bf\u03b3\u03bb\u03bf\u03c5, \u03b1\u03bd\u03b1\u03ba\u03bf\u03af\u03bd\u03c9\u03c3\u03b5 \u03cc\u03c4\u03b9 \u03c4\u03bf F-16 \u03c0\u03bf\u03c5 \u03b1\u03bd\u03ae\u03ba\u03b5 \u03c3\u03c4\u03b7\u03bd 9\u03b7 \u039c\u03bf\u03af\u03c1\u03b1 \u0394\u03b9\u03bf\u03af\u03ba\u03b7\u03c3\u03b7\u03c2 \u03c4\u03b7\u03c2 \u0392\u03ac\u03c3\u03b7\u03c2 \u0391\u03b5\u03c1\u03b9\u03c9\u03b8\u03bf\u03cd\u03bc\u03b5\u03bd\u03c9\u03bd \u03c4\u03bf\u03c5 \u039c\u03c0\u03b1\u03bb\u03af\u03ba\u03b5\u03c3\u03af\u03c1 \u03c3\u03c5\u03bd\u03b5\u03c4\u03c1\u03af\u03b2\u03b7 \u03ba\u03b1\u03c4\u03ac \u03c4\u03b7 \u03b4\u03b9\u03ac\u03c1\u03ba\u03b5\u03b9\u03b1 \u03c0\u03c4\u03ae\u03c3\u03b7\u03c2 \u03c0\u03b5\u03c1\u03af \u03c4\u03b9\u03c2 00:50.<\/p>\n<p><script src=\"https:\/\/platform.twitter.com\/widgets.js\" async=\"\" charset=\"utf-8\"><\/script><\/p>\n<blockquote class=\"twitter-tweet\" data-media-max-width=\"560\">\n<p dir=\"ltr\" lang=\"tr\">\ud83d\udea8 F-16 sava\u015f u\u00e7a\u011f\u0131n\u0131n d\u00fc\u015fme an\u0131na ait g\u00f6r\u00fcnt\u00fc; <a href=\"https:\/\/t.co\/Tt6ZwZgt4f\">pic.twitter.com\/Tt6ZwZgt4f<\/a><\/p>\n<p>\u2014 T\u00fcrkiye Ger\u00e7ekleri TR (@gerceklerix) <a href=\"https:\/\/twitter.com\/gerceklerix\/status\/2026452041367761387?ref_src=twsrc%5Etfw\" rel=\"noopener\">February 25, 2026<\/a><\/p><\/blockquote>\n<p>\u039f \u03bd\u03bf\u03bc\u03ac\u03c1\u03c7\u03b7\u03c2 \u03b5\u03c0\u03b9\u03b2\u03b5\u03b2\u03b1\u03af\u03c9\u03c3\u03b5 \u03cc\u03c4\u03b9 \u03c3\u03c4\u03bf \u03b4\u03c5\u03c3\u03c4\u03cd\u03c7\u03b7\u03bc\u03b1 \u03ad\u03c7\u03b1\u03c3\u03b5 \u03c4\u03b7 \u03b6\u03c9\u03ae \u03c4\u03bf\u03c5 \u03bf \u03c0\u03b9\u03bb\u03cc\u03c4\u03bf\u03c2.<\/p>\n<p>\u03a3\u03cd\u03bc\u03c6\u03c9\u03bd\u03b1 \u03bc\u03b5 \u03cc\u03c3\u03b1 \u03b1\u03bd\u03ad\u03c6\u03b5\u03c1\u03b5, \u03c4\u03bf F-16, \u03c0\u03bf\u03c5 \u03b1\u03bd\u03ae\u03ba\u03b5 \u03c3\u03c4\u03b7\u03bd 9\u03b7 \u039c\u03bf\u03af\u03c1\u03b1 \u0394\u03b9\u03bf\u03af\u03ba\u03b7\u03c3\u03b7\u03c2 \u03c4\u03b7\u03c2 \u0392\u03ac\u03c3\u03b7\u03c2 \u0391\u03b5\u03c1\u03b9\u03c9\u03b8\u03bf\u03cd\u03bc\u03b5\u03bd\u03c9\u03bd \u03c4\u03bf\u03c5 \u039c\u03c0\u03b1\u03bb\u03af\u03ba\u03b5\u03c3\u03b9\u03c1, \u03ba\u03b1\u03c4\u03ad\u03c0\u03b5\u03c3\u03b5 \u03ba\u03b1\u03c4\u03ac \u03c4\u03b7 \u03b4\u03b9\u03ac\u03c1\u03ba\u03b5\u03b9\u03b1 \u03c0\u03c4\u03ae\u03c3\u03b7\u03c2 \u03c0\u03b5\u03c1\u03af\u03c0\u03bf\u03c5 \u03c3\u03c4\u03b9\u03c2 00:50, \u03c5\u03c0\u03cc \u03c3\u03c5\u03bd\u03b8\u03ae\u03ba\u03b5\u03c2 \u03c0\u03bf\u03c5 \u03bc\u03ad\u03c7\u03c1\u03b9 \u03c3\u03c4\u03b9\u03b3\u03bc\u03ae\u03c2 \u03b4\u03b5\u03bd \u03ad\u03c7\u03bf\u03c5\u03bd \u03b4\u03b9\u03b5\u03c5\u03ba\u03c1\u03b9\u03bd\u03b9\u03c3\u03c4\u03b5\u03af.<\/p>\n<blockquote class=\"twitter-tweet\" data-media-max-width=\"560\">\n<p dir=\"ltr\" lang=\"tr\">Vali Ustao\u011flu, \u0130zmir-\u0130stanbul Otoyolu&#8217;nun Naipli mevkisindeki olay yerinde a\u00e7\u0131klamalarda bulundu<\/p>\n<p>\u2014 Kaza, \u0130zmir-\u0130stanbul Otoyolu Naipli mevkisinde meydana geliyor<\/p>\n<p>\u2014 \u015eehidimize Allah&#8217;tan rahmet, milletimize ba\u015fsa\u011fl\u0131\u011f\u0131 diliyorum<\/p>\n<p>Milli Savunma Bakanl\u0131\u011f\u0131ndan a\u00e7\u0131klama \u2935\ufe0f<\/p>\n<p>\u279c\u2026 <a href=\"https:\/\/t.co\/MYb0sodezU\">https:\/\/t.co\/MYb0sodezU<\/a> <a href=\"https:\/\/t.co\/0aXxhWKrqX\">pic.twitter.com\/0aXxhWKrqX<\/a><\/p>\n<p>\u2014 Anadolu Ajans\u0131 (@anadoluajansi) <a href=\"https:\/\/twitter.com\/anadoluajansi\/status\/2026455230548709841?ref_src=twsrc%5Etfw\" rel=\"noopener\">February 25, 2026<\/a><\/p><\/blockquote>\n<p><script async src=\"https:\/\/platform.twitter.com\/widgets.js\" charset=\"utf-8\"><\/script><\/p>\n<blockquote class=\"twitter-tweet\" data-media-max-width=\"560\">\n<p dir=\"ltr\" lang=\"tr\"><a href=\"https:\/\/twitter.com\/hashtag\/SONDAK%C4%B0KA?src=hash&amp;ref_src=twsrc%5Etfw\" rel=\"noopener\">#SONDAK\u0130KA<\/a>: Bal\u0131kesir\u2019de F-16 u\u00e7a\u011f\u0131n\u0131n d\u00fc\u015ft\u00fc\u011f\u00fc b\u00f6lgeden g\u00f6r\u00fcnt\u00fcler. <a href=\"https:\/\/t.co\/lmvlYNYtfl\">https:\/\/t.co\/lmvlYNYtfl<\/a> <a href=\"https:\/\/t.co\/yYCc6v2NtN\">pic.twitter.com\/yYCc6v2NtN<\/a><\/p>\n<p>\u2014 AS TV (@astvhaber) <a href=\"https:\/\/twitter.com\/astvhaber\/status\/2026452635323171167?ref_src=twsrc%5Etfw\" rel=\"noopener\">February 25, 2026<\/a><\/p><\/blockquote>\n<p><script async src=\"https:\/\/platform.twitter.com\/widgets.js\" charset=\"utf-8\"><\/script><\/p>\n<blockquote class=\"twitter-tweet\">\n<p dir=\"ltr\" lang=\"tr\">Bal\u0131kesir Valisi \u0130smail Ustao\u011flu, 9. Ana Jet \u00dcss\u00fc Komutanl\u0131\u011f\u0131 filosuna ait F-16 u\u00e7a\u011f\u0131n\u0131n kaza k\u0131r\u0131ma u\u011framas\u0131 sonucu 1 pilotun \u015fehit oldu\u011funu bildirdi <a href=\"https:\/\/t.co\/f0JV0qY7s7\">https:\/\/t.co\/f0JV0qY7s7<\/a> <a href=\"https:\/\/t.co\/ol8h9BY4YQ\">pic.twitter.com\/ol8h9BY4YQ<\/a><\/p>\n<p>\u2014 Anadolu Ajans\u0131 (@anadoluajansi) <a href=\"https:\/\/twitter.com\/anadoluajansi\/status\/2026441247808757860?ref_src=twsrc%5Etfw\" rel=\"noopener\">February 24, 2026<\/a><\/p><\/blockquote>\n<blockquote class=\"twitter-tweet\" data-media-max-width=\"560\"><p>&nbsp;<\/p><\/blockquote>\n<blockquote class=\"twitter-tweet\" data-media-max-width=\"560\">\n<p dir=\"ltr\" lang=\"tr\">\n<\/blockquote>\n<blockquote class=\"twitter-tweet\">\n<p dir=\"ltr\" lang=\"tr\">Milli Savunma Bakanl\u0131\u011f\u0131:<\/p>\n<p>\u2014 Bal\u0131kesir\u2019den kalk\u0131\u015f yapan bir F-16 u\u00e7a\u011f\u0131m\u0131z ile 00.56\u2019dan itibaren telsiz irtibat\u0131 ve iz bilgisi kesilmi\u015ftir.<\/p>\n<p>\u2014 Derh\u00e2l ba\u015flat\u0131lan arama kurtarma \u00e7al\u0131\u015fmalar\u0131 sonucunda u\u00e7a\u011f\u0131m\u0131z\u0131n kaza k\u0131r\u0131ma u\u011frad\u0131\u011f\u0131 tespit edilmi\u015f ve u\u00e7a\u011f\u0131m\u0131z\u0131n enkaz\u0131na ula\u015f\u0131lm\u0131\u015ft\u0131r.\u2026 <a href=\"https:\/\/t.co\/PDhDhMXKc8\">pic.twitter.com\/PDhDhMXKc8<\/a><\/p>\n<p>\u2014 Metropol Haber (@metropolmedya_) <a href=\"https:\/\/twitter.com\/metropolmedya_\/status\/2026458263353700417?ref_src=twsrc%5Etfw\" rel=\"noopener\">February 25, 2026<\/a><\/p><\/blockquote>\n<p><script async src=\"https:\/\/platform.twitter.com\/widgets.js\" charset=\"utf-8\"><\/script><\/p>\n","protected":false},"excerpt":{"rendered":"<p>\u039c\u03b1\u03c7\u03b7\u03c4\u03b9\u03ba\u03cc \u03b1\u03b5\u03c1\u03bf\u03c3\u03ba\u03ac\u03c6\u03bf\u03c2 F-16 \u03c4\u03b7\u03c2 \u03c4\u03bf\u03c5\u03c1\u03ba\u03b9\u03ba\u03ae\u03c2 \u03b1\u03b5\u03c1\u03bf\u03c0\u03bf\u03c1\u03af\u03b1\u03c2 \u03c3\u03c5\u03bd\u03b5\u03c4\u03c1\u03af\u03b2\u03b7 \u03be\u03b7\u03bc\u03b5\u03c1\u03ce\u03bc\u03b1\u03c4\u03b1 \u03a4\u03b5\u03c4\u03ac\u03c1\u03c4\u03b7\u03c2 \u03c3\u03c4\u03bf \u039c\u03c0\u03b1\u03bb\u03af\u03ba\u03b5\u03c3\u03b9\u03c1 \u03c4\u03b7\u03c2 \u03a4\u03bf\u03c5\u03c1\u03ba\u03af\u03b1\u03c2, \u03bc\u03b5 \u03b1\u03c0\u03bf\u03c4\u03ad\u03bb\u03b5\u03c3\u03bc\u03b1 \u03c4\u03bf\u03bd \u03b8\u03ac\u03bd\u03b1\u03c4\u03bf \u03c4\u03bf\u03c5 \u03c0\u03b9\u03bb\u03cc\u03c4\u03bf\u03c5. \u039f \u03bd\u03bf\u03bc\u03ac\u03c1\u03c7\u03b7\u03c2 \u03c4\u03bf\u03c5 \u039c\u03c0\u03b1\u03bb\u03af\u03ba\u03b5\u03c3\u03af\u03c1, \u0399\u03c3\u03bc\u03b1\u03ae\u03bb \u039f\u03c5\u03c3\u03c4\u03ac\u03bf\u03b3\u03bb\u03bf\u03c5, \u03b1\u03bd\u03b1\u03ba\u03bf\u03af\u03bd\u03c9\u03c3\u03b5 \u03cc\u03c4\u03b9 \u03c4\u03bf F-16 \u03c0\u03bf\u03c5 \u03b1\u03bd\u03ae\u03ba\u03b5 \u03c3\u03c4\u03b7\u03bd 9\u03b7 \u039c\u03bf\u03af\u03c1\u03b1 \u0394\u03b9\u03bf\u03af\u03ba\u03b7\u03c3\u03b7\u03c2 \u03c4\u03b7\u03c2 \u0392\u03ac\u03c3\u03b7\u03c2 \u0391\u03b5\u03c1\u03b9\u03c9\u03b8\u03bf\u03cd\u03bc\u03b5\u03bd\u03c9\u03bd \u03c4\u03bf\u03c5 \u039c\u03c0\u03b1\u03bb\u03af\u03ba\u03b5\u03c3\u03af\u03c1 \u03c3\u03c5\u03bd\u03b5\u03c4\u03c1\u03af\u03b2\u03b7 \u03ba\u03b1\u03c4\u03ac \u03c4\u03b7 \u03b4\u03b9\u03ac\u03c1\u03ba\u03b5\u03b9\u03b1 \u03c0\u03c4\u03ae\u03c3\u03b7\u03c2 \u03c0\u03b5\u03c1\u03af \u03c4\u03b9\u03c2 00:50. \ud83d\udea8 F-16 sava\u015f u\u00e7a\u011f\u0131n\u0131n d\u00fc\u015fme an\u0131na ait [&hellip;]<\/p>\n","protected":false},"author":39,"featured_media":2538841,"comment_status":"open","ping_status":"open","sticky":false,"template":"","format":"standard","meta":[],"categories":[5],"tags":[6189,13021,1587],"amp_enabled":true,"_links":{"self":[{"href":"https:\/\/www.enikos.gr\/v2\/wp\/v2\/posts\/2538840"}],"collection":[{"href":"https:\/\/www.enikos.gr\/v2\/wp\/v2\/posts"}],"about":[{"href":"https:\/\/www.enikos.gr\/v2\/wp\/v2\/types\/post"}],"author":[{"embeddable":true,"href":"https:\/\/www.enikos.gr\/v2\/wp\/v2\/users\/39"}],"replies":[{"embeddable":true,"href":"https:\/\/www.enikos.gr\/v2\/wp\/v2\/comments?post=2538840"}],"version-history":[{"count":0,"href":"https:\/\/www.enikos.gr\/v2\/wp\/v2\/posts\/2538840\/revisions"}],"wp:featuredmedia":[{"embeddable":true,"href":"https:\/\/www.enikos.gr\/v2\/wp\/v2\/media\/2538841"}],"wp:attachment":[{"href":"https:\/\/www.enikos.gr\/v2\/wp\/v2\/media?parent=2538840"}],"wp:term":[{"taxonomy":"category","embeddable":true,"href":"https:\/\/www.enikos.gr\/v2\/wp\/v2\/categories?post=2538840"},{"taxonomy":"post_tag","embeddable":true,"href":"https:\/\/www.enikos.gr\/v2\/wp\/v2\/tags?post=2538840"}],"curies":[{"name":"wp","href":"https:\/\/api.w.org\/{rel}","templated":true}]}}