{"id":2405481,"date":"2025-07-18T06:45:53","date_gmt":"2025-07-18T03:45:53","guid":{"rendered":"https:\/\/www.enikos.gr\/?p=2405481"},"modified":"2025-07-18T04:56:30","modified_gmt":"2025-07-18T01:56:30","slug":"panamas-etaireia-bananas-apolyei-tous-1189-enapomeinantes-ergates-tis-epeita-apo-apergies-foto","status":"publish","type":"post","link":"https:\/\/www.enikos.gr\/international\/panamas-etaireia-bananas-apolyei-tous-1189-enapomeinantes-ergates-tis-epeita-apo-apergies-foto\/2405481\/","title":{"rendered":"\u03a0\u03b1\u03bd\u03b1\u03bc\u03ac\u03c2: \u0395\u03c4\u03b1\u03b9\u03c1\u03b5\u03af\u03b1 \u03bc\u03c0\u03b1\u03bd\u03ac\u03bd\u03b1\u03c2 \u03b1\u03c0\u03bf\u03bb\u03cd\u03b5\u03b9 \u03c4\u03bf\u03c5\u03c2 1189 \u03b5\u03bd\u03b1\u03c0\u03bf\u03bc\u03b5\u03af\u03bd\u03b1\u03bd\u03c4\u03b5\u03c2 \u03b5\u03c1\u03b3\u03ac\u03c4\u03b5\u03c2 \u03c4\u03b7\u03c2 \u03ad\u03c0\u03b5\u03b9\u03c4\u03b1 \u03b1\u03c0\u03cc \u03b1\u03c0\u03b5\u03c1\u03b3\u03af\u03b5\u03c2 &#8211; \u03a6\u03a9\u03a4\u039f"},"content":{"rendered":"<p>\u0397 \u03b8\u03c5\u03b3\u03b1\u03c4\u03c1\u03b9\u03ba\u03ae \u03c4\u03b7\u03c2 \u03b1\u03bc\u03b5\u03c1\u03b9\u03ba\u03b1\u03bd\u03b9\u03ba\u03ae\u03c2 \u03b5\u03c4\u03b1\u03b9\u03c1\u03b5\u03af\u03b1\u03c2 \u03bc\u03c0\u03b1\u03bd\u03ac\u03bd\u03b1\u03c2 Chiquita \u03c3\u03c4\u03bf\u03bd <a href=\"https:\/\/www.enikos.gr\/tag\/%CE%A0%CE%91%CE%9D%CE%91%CE%9C%CE%91%CE%A3\/\">\u03a0\u03b1\u03bd\u03b1\u03bc\u03ac<\/a> \u03b1\u03bd\u03b1\u03ba\u03bf\u03af\u03bd\u03c9\u03c3\u03b5 \u03c4\u03b7\u03bd \u03a0\u03ad\u03bc\u03c0\u03c4\u03b7 (17\/7) \u03c4\u03b7\u03bd \u03b1\u03c0\u03cc\u03bb\u03c5\u03c3\u03b7 \u03c4\u03c9\u03bd 1.189 \u03b5\u03bd\u03b1\u03c0\u03bf\u03bc\u03b5\u03b9\u03bd\u03ac\u03bd\u03c4\u03c9\u03bd \u03b7\u03bc\u03b5\u03c1\u03bf\u03bc\u03b9\u03c3\u03b8\u03af\u03c9\u03bd \u03b5\u03c1\u03b3\u03b1\u03c4\u03ce\u03bd \u03c4\u03b7\u03c2 \u03c3\u03c4\u03b7 \u03c7\u03ce\u03c1\u03b1, \u03bc\u03b5\u03c4\u03ac \u03c4\u03b7\u03bd \u03ad\u03b3\u03ba\u03c1\u03b9\u03c3\u03b7 \u03c4\u03b7\u03c2 \u03b1\u03c0\u03cc\u03c6\u03b1\u03c3\u03b7\u03c2 \u03b1\u03c0\u03cc \u03c4\u03b7\u03bd \u03ba\u03c5\u03b2\u03ad\u03c1\u03bd\u03b7\u03c3\u03b7.<\/p>\n<p>\u039f\u03b9 \u03b1\u03c0\u03bf\u03bb\u03cd\u03c3\u03b5\u03b9\u03c2 \u03b1\u03c5\u03c4\u03ad\u03c2 \u03ad\u03c1\u03c7\u03bf\u03bd\u03c4\u03b1\u03b9 \u03bc\u03ae\u03bd\u03b5\u03c2 \u03bc\u03b5\u03c4\u03ac \u03b1\u03c0\u03cc \u03c0\u03c1\u03bf\u03b7\u03b3\u03bf\u03cd\u03bc\u03b5\u03bd\u03b1 \u03ba\u03cd\u03bc\u03b1\u03c4\u03b1 \u03bc\u03b1\u03b6\u03b9\u03ba\u03ce\u03bd \u03b1\u03c0\u03bf\u03bb\u03cd\u03c3\u03b5\u03c9\u03bd, \u03c4\u03b1 \u03bf\u03c0\u03bf\u03af\u03b1 \u03c3\u03c7\u03b5\u03c4\u03af\u03b6\u03bf\u03bd\u03c4\u03b1\u03bd \u03bc\u03b5 \u03b1\u03c0\u03b5\u03c1\u03b3\u03b9\u03b1\u03ba\u03ad\u03c2 \u03ba\u03b9\u03bd\u03b7\u03c4\u03bf\u03c0\u03bf\u03b9\u03ae\u03c3\u03b5\u03b9\u03c2 \u03c0\u03bf\u03c5 \u03be\u03b5\u03ba\u03af\u03bd\u03b7\u03c3\u03b1\u03bd \u03c4\u03bf\u03bd \u0391\u03c0\u03c1\u03af\u03bb\u03b9\u03bf \u03c3\u03c4\u03b9\u03c2 \u03b5\u03b3\u03ba\u03b1\u03c4\u03b1\u03c3\u03c4\u03ac\u03c3\u03b5\u03b9\u03c2 \u03c4\u03b7\u03c2 \u03b5\u03c4\u03b1\u03b9\u03c1\u03b5\u03af\u03b1\u03c2 \u03c3\u03c4\u03b7\u03bd \u039a\u03b5\u03bd\u03c4\u03c1\u03b9\u03ba\u03ae \u0391\u03bc\u03b5\u03c1\u03b9\u03ba\u03ae.<\/p>\n<blockquote class=\"twitter-tweet\">\n<p dir=\"ltr\" lang=\"es\">La empresa Chiquita Panam\u00e1 LLC e Ilara Holding INC comunic\u00f3 este jueves la terminaci\u00f3n laboral de partir de este 18 de julio de 2025, de \u201c1,189 trabajadores diarios que manten\u00edan relaci\u00f3n laboral vigente con las compa\u00f1\u00edas y no configuraron la causal de abandono de trabajo\u201d.\u2026 <a href=\"https:\/\/t.co\/coWnU9z5io\">pic.twitter.com\/coWnU9z5io<\/a><\/p>\n<p>\u2014 Telemetro Reporta (@TReporta) <a href=\"https:\/\/twitter.com\/TReporta\/status\/1945978369377734698?ref_src=twsrc%5Etfw\" rel=\"noopener\">July 17, 2025<\/a><\/p><\/blockquote>\n<p><script async src=\"https:\/\/platform.twitter.com\/widgets.js\" charset=\"utf-8\"><\/script><\/p>\n<p>\u039f\u03b9 \u03b1\u03c0\u03bf\u03bb\u03cd\u03c3\u03b5\u03b9\u03c2 \u03ad\u03c7\u03bf\u03c5\u03bd \u03b9\u03c3\u03c7\u03cd \u03b1\u03c0\u03cc \u03c3\u03ae\u03bc\u03b5\u03c1\u03b1, \u03b4\u03b9\u03b5\u03c5\u03ba\u03c1\u03af\u03bd\u03b9\u03c3\u03b5.<\/p>\n<p>\u0397 \u03b8\u03c5\u03b3\u03b1\u03c4\u03c1\u03b9\u03ba\u03ae \u03c4\u03b7\u03c2 \u03a4\u03c3\u03b9\u03ba\u03af\u03c4\u03b1 \u03c3\u03c4\u03bf\u03bd \u03a0\u03b1\u03bd\u03b1\u03bc\u03ac \u03b1\u03c0\u03ad\u03bb\u03c5\u03c3\u03b5 \u03c0\u03ac\u03bd\u03c9 \u03b1\u03c0\u03cc \u03ad\u03be\u03b9 \u03c7\u03b9\u03bb\u03b9\u03ac\u03b4\u03b5\u03c2 \u03b5\u03c1\u03b3\u03ac\u03c4\u03b5\u03c2 \u03c4\u03b7\u03c2 \u03c4\u03bf\u03bd \u039c\u03ac\u03b9\u03bf, \u03bc\u03b5 \u03c6\u03cc\u03bd\u03c4\u03bf \u03c4\u03b9\u03c2 \u03bc\u03b1\u03b6\u03b9\u03ba\u03ad\u03c2 \u03ba\u03b9\u03bd\u03b7\u03c4\u03bf\u03c0\u03bf\u03b9\u03ae\u03c3\u03b5\u03b9\u03c2 \u03c3\u03c4\u03b7 \u03c7\u03ce\u03c1\u03b1 \u03b5\u03bd\u03b1\u03bd\u03c4\u03af\u03bf\u03bd \u03bc\u03b5\u03c4\u03b1\u03c1\u03c1\u03cd\u03b8\u03bc\u03b9\u03c3\u03b7\u03c2 \u03c4\u03bf\u03c5 \u03c3\u03c5\u03c3\u03c4\u03ae\u03bc\u03b1\u03c4\u03bf\u03c2 \u03ba\u03bf\u03b9\u03bd\u03c9\u03bd\u03b9\u03ba\u03ae\u03c2 \u03b1\u03c3\u03c6\u03ac\u03bb\u03b9\u03c3\u03b7\u03c2 \u03c0\u03bf\u03c5 \u03c0\u03c1\u03bf\u03ce\u03b8\u03b7\u03c3\u03b5 \u03b7 \u03ba\u03c5\u03b2\u03ad\u03c1\u03bd\u03b7\u03c3\u03b7 \u03c4\u03bf\u03c5 \u03c0\u03c1\u03bf\u03ad\u03b4\u03c1\u03bf\u03c5 \u03a7\u03bf\u03c3\u03ad \u03a1\u03b1\u03bf\u03cd\u03bb \u039c\u03bf\u03c5\u03bb\u03af\u03bd\u03bf, \u03ba\u03b1\u03b8\u03ce\u03c2 \u03bf\u03b9 \u03b5\u03c1\u03b3\u03b1\u03b6\u03cc\u03bc\u03b5\u03bd\u03bf\u03b9 \u03b8\u03b5\u03ce\u03c1\u03b7\u03c3\u03b1\u03bd \u03c0\u03c9\u03c2 \u03b8\u03b1 \u03ad\u03c0\u03bb\u03b7\u03c4\u03c4\u03b1\u03bd \u03c4\u03b9\u03c2 \u03c3\u03c5\u03bd\u03c4\u03ac\u03be\u03b5\u03b9\u03c2 \u03c4\u03bf\u03c5\u03c2.<\/p>\n<blockquote class=\"twitter-tweet\">\n<p dir=\"ltr\" lang=\"es\">Los padres de familia del Colegio Changuinola American Academy, el cual es administrado por la empresa Chiquita Panam\u00e1, est\u00e1n preocupados tras recibir el anuncio de que el plantel ser\u00e1 cerrado al concluir el a\u00f1o escolar 2025. <a href=\"https:\/\/t.co\/r0PMn0Gm7R\">pic.twitter.com\/r0PMn0Gm7R<\/a><\/p>\n<p>\u2014 Telemetro Reporta (@TReporta) <a href=\"https:\/\/twitter.com\/TReporta\/status\/1943448692343603319?ref_src=twsrc%5Etfw\" rel=\"noopener\">July 10, 2025<\/a><\/p><\/blockquote>\n<p><script async src=\"https:\/\/platform.twitter.com\/widgets.js\" charset=\"utf-8\"><\/script><\/p>\n<p>\u0397 \u03b4\u03b9\u03b5\u03cd\u03b8\u03c5\u03bd\u03c3\u03ae \u03c4\u03b7\u03c2 \u03ad\u03c6\u03c5\u03b3\u03b5 \u03b1\u03c0\u03cc \u03c4\u03b7 \u03c7\u03ce\u03c1\u03b1 \u03c3\u03c4\u03b9\u03c2 \u03b1\u03c1\u03c7\u03ad\u03c2 \u0399\u03bf\u03c5\u03bd\u03af\u03bf\u03c5.<\/p>\n","protected":false},"excerpt":{"rendered":"<p>\u0397 \u03b8\u03c5\u03b3\u03b1\u03c4\u03c1\u03b9\u03ba\u03ae \u03c4\u03b7\u03c2 \u03b1\u03bc\u03b5\u03c1\u03b9\u03ba\u03b1\u03bd\u03b9\u03ba\u03ae\u03c2 \u03b5\u03c4\u03b1\u03b9\u03c1\u03b5\u03af\u03b1\u03c2 \u03bc\u03c0\u03b1\u03bd\u03ac\u03bd\u03b1\u03c2 Chiquita \u03c3\u03c4\u03bf\u03bd \u03a0\u03b1\u03bd\u03b1\u03bc\u03ac \u03b1\u03bd\u03b1\u03ba\u03bf\u03af\u03bd\u03c9\u03c3\u03b5 \u03c4\u03b7\u03bd \u03a0\u03ad\u03bc\u03c0\u03c4\u03b7 (17\/7) \u03c4\u03b7\u03bd \u03b1\u03c0\u03cc\u03bb\u03c5\u03c3\u03b7 \u03c4\u03c9\u03bd 1.189 \u03b5\u03bd\u03b1\u03c0\u03bf\u03bc\u03b5\u03b9\u03bd\u03ac\u03bd\u03c4\u03c9\u03bd \u03b7\u03bc\u03b5\u03c1\u03bf\u03bc\u03b9\u03c3\u03b8\u03af\u03c9\u03bd \u03b5\u03c1\u03b3\u03b1\u03c4\u03ce\u03bd \u03c4\u03b7\u03c2 \u03c3\u03c4\u03b7 \u03c7\u03ce\u03c1\u03b1, \u03bc\u03b5\u03c4\u03ac \u03c4\u03b7\u03bd \u03ad\u03b3\u03ba\u03c1\u03b9\u03c3\u03b7 \u03c4\u03b7\u03c2 \u03b1\u03c0\u03cc\u03c6\u03b1\u03c3\u03b7\u03c2 \u03b1\u03c0\u03cc \u03c4\u03b7\u03bd \u03ba\u03c5\u03b2\u03ad\u03c1\u03bd\u03b7\u03c3\u03b7. \u039f\u03b9 \u03b1\u03c0\u03bf\u03bb\u03cd\u03c3\u03b5\u03b9\u03c2 \u03b1\u03c5\u03c4\u03ad\u03c2 \u03ad\u03c1\u03c7\u03bf\u03bd\u03c4\u03b1\u03b9 \u03bc\u03ae\u03bd\u03b5\u03c2 \u03bc\u03b5\u03c4\u03ac \u03b1\u03c0\u03cc \u03c0\u03c1\u03bf\u03b7\u03b3\u03bf\u03cd\u03bc\u03b5\u03bd\u03b1 \u03ba\u03cd\u03bc\u03b1\u03c4\u03b1 \u03bc\u03b1\u03b6\u03b9\u03ba\u03ce\u03bd \u03b1\u03c0\u03bf\u03bb\u03cd\u03c3\u03b5\u03c9\u03bd, \u03c4\u03b1 \u03bf\u03c0\u03bf\u03af\u03b1 \u03c3\u03c7\u03b5\u03c4\u03af\u03b6\u03bf\u03bd\u03c4\u03b1\u03bd \u03bc\u03b5 \u03b1\u03c0\u03b5\u03c1\u03b3\u03b9\u03b1\u03ba\u03ad\u03c2 \u03ba\u03b9\u03bd\u03b7\u03c4\u03bf\u03c0\u03bf\u03b9\u03ae\u03c3\u03b5\u03b9\u03c2 \u03c0\u03bf\u03c5 \u03be\u03b5\u03ba\u03af\u03bd\u03b7\u03c3\u03b1\u03bd \u03c4\u03bf\u03bd \u0391\u03c0\u03c1\u03af\u03bb\u03b9\u03bf \u03c3\u03c4\u03b9\u03c2 \u03b5\u03b3\u03ba\u03b1\u03c4\u03b1\u03c3\u03c4\u03ac\u03c3\u03b5\u03b9\u03c2 \u03c4\u03b7\u03c2 [&hellip;]<\/p>\n","protected":false},"author":127,"featured_media":2405482,"comment_status":"open","ping_status":"open","sticky":false,"template":"","format":"standard","meta":[],"categories":[5],"tags":[19451,5090],"amp_enabled":true,"_links":{"self":[{"href":"https:\/\/www.enikos.gr\/v2\/wp\/v2\/posts\/2405481"}],"collection":[{"href":"https:\/\/www.enikos.gr\/v2\/wp\/v2\/posts"}],"about":[{"href":"https:\/\/www.enikos.gr\/v2\/wp\/v2\/types\/post"}],"author":[{"embeddable":true,"href":"https:\/\/www.enikos.gr\/v2\/wp\/v2\/users\/127"}],"replies":[{"embeddable":true,"href":"https:\/\/www.enikos.gr\/v2\/wp\/v2\/comments?post=2405481"}],"version-history":[{"count":0,"href":"https:\/\/www.enikos.gr\/v2\/wp\/v2\/posts\/2405481\/revisions"}],"wp:featuredmedia":[{"embeddable":true,"href":"https:\/\/www.enikos.gr\/v2\/wp\/v2\/media\/2405482"}],"wp:attachment":[{"href":"https:\/\/www.enikos.gr\/v2\/wp\/v2\/media?parent=2405481"}],"wp:term":[{"taxonomy":"category","embeddable":true,"href":"https:\/\/www.enikos.gr\/v2\/wp\/v2\/categories?post=2405481"},{"taxonomy":"post_tag","embeddable":true,"href":"https:\/\/www.enikos.gr\/v2\/wp\/v2\/tags?post=2405481"}],"curies":[{"name":"wp","href":"https:\/\/api.w.org\/{rel}","templated":true}]}}