{"id":2404651,"date":"2025-07-16T19:07:11","date_gmt":"2025-07-16T16:07:11","guid":{"rendered":"https:\/\/www.enikos.gr\/?p=2404651"},"modified":"2025-07-16T19:04:32","modified_gmt":"2025-07-16T16:04:32","slug":"giorgos-papagiannis-anakoinothike-apo-tin-anantolou-efes-gia-21-chronia","status":"publish","type":"post","link":"https:\/\/www.enikos.gr\/sports\/giorgos-papagiannis-anakoinothike-apo-tin-anantolou-efes-gia-21-chronia\/2404651\/","title":{"rendered":"\u0393\u03b9\u03ce\u03c1\u03b3\u03bf\u03c2 \u03a0\u03b1\u03c0\u03b1\u03b3\u03b9\u03ac\u03bd\u03bd\u03b7\u03c2: \u0391\u03bd\u03b1\u03ba\u03bf\u03b9\u03bd\u03ce\u03b8\u03b7\u03ba\u03b5 \u03b1\u03c0\u03cc \u03c4\u03b7\u03bd \u0391\u03bd\u03b1\u03bd\u03c4\u03bf\u03bb\u03bf\u03cd \u0395\u03c6\u03ad\u03c2 \u03b3\u03b9\u03b1 2+1 \u03c7\u03c1\u03cc\u03bd\u03b9\u03b1"},"content":{"rendered":"<p>\u039f <a href=\"https:\/\/www.enikos.gr\/tag\/%CE%9C%CE%A0%CE%91%CE%A3%CE%9A%CE%95%CE%A4%CE%9C%CE%A0%CE%9F%CE%9B%CE%99%CE%A3%CE%A4%CE%91%CE%A3\/\">\u0393\u03b9\u03ce\u03c1\u03b3\u03bf\u03c2 \u03a0\u03b1\u03c0\u03b1\u03b3\u03b9\u03ac\u03bd\u03bd\u03b7\u03c2<\/a>, \u03b1\u03c6\u03bf\u03cd \u03c0\u03c1\u03ce\u03c4\u03b1 \u03b1\u03c0\u03bf\u03c7\u03b1\u03b9\u03c1\u03ad\u03c4\u03b7\u03c3\u03b5 \u03c4\u03bf\u03bd \u0392\u03b1\u03c3\u03af\u03bb\u03b7 \u03a3\u03c0\u03b1\u03bd\u03bf\u03cd\u03bb\u03b7 \u03ba\u03b1\u03b9 \u03c4\u03b7 \u039c\u03bf\u03bd\u03b1\u03ba\u03cc, \u03c5\u03c0\u03ad\u03b3\u03c1\u03b1\u03c8\u03b5 \u03b3\u03b9\u03b1 2+1 \u03c7\u03c1\u03cc\u03bd\u03b9\u03b1 \u03c3\u03c4\u03b7\u03bd <a href=\"https:\/\/www.enikos.gr\/tag\/%CE%91%CE%9D%CE%91%CE%9D%CE%A4%CE%9F%CE%9B%CE%9F%CE%A5-%CE%95%CE%A6%CE%95%CE%A3\/\">\u0391\u03bd\u03b1\u03bd\u03c4\u03bf\u03bb\u03bf\u03cd \u0395\u03c6\u03ad\u03c2<\/a> \u03ba\u03b1\u03b9 \u03c4\u03bf \u03b1\u03c0\u03cc\u03b3\u03b5\u03c5\u03bc\u03b1 \u03c4\u03b7\u03c2 \u03a4\u03b5\u03c4\u03ac\u03c1\u03c4\u03b7\u03c2 (16\/7) \u03b1\u03bd\u03b1\u03ba\u03bf\u03b9\u03bd\u03ce\u03b8\u03b7\u03ba\u03b5 \u03b1\u03c0\u03cc \u03c4\u03b7\u03bd \u03bf\u03bc\u03ac\u03b4\u03b1 \u03c4\u03b7\u03c2 \u039a\u03c9\u03bd\u03c3\u03c4\u03b1\u03bd\u03c4\u03b9\u03bd\u03bf\u03cd\u03c0\u03bf\u03bb\u03b7\u03c2.<\/p>\n<p>\u0397 \u0395\u03c6\u03ad\u03c2 \u03b1\u03c0\u03bf\u03c4\u03b5\u03bb\u03b5\u03af \u03c4\u03bf\u03bd \u03b4\u03b5\u03cd\u03c4\u03b5\u03c1\u03bf \u03c3\u03c4\u03b1\u03b8\u03bc\u03cc \u03c4\u03bf\u03c5 28\u03c7\u03c1\u03bf\u03bd\u03bf\u03c5 \u0388\u03bb\u03bb\u03b7\u03bd\u03b1 \u03b4\u03b9\u03b5\u03b8\u03bd\u03ae\u03c2 \u03c3\u03ad\u03bd\u03c4\u03b5\u03c1 \u03c3\u03c4\u03b7\u03bd \u03a4\u03bf\u03c5\u03c1\u03ba\u03af\u03b1, \u03bc\u03b5\u03c4\u03ac \u03c4\u03b7 \u03b8\u03b7\u03c4\u03b5\u03af\u03b1 \u03c4\u03bf\u03c5 \u03c3\u03c4\u03b7 \u03a6\u03b5\u03bd\u03b5\u03c1\u03bc\u03c0\u03b1\u03c7\u03c4\u03c3\u03ad \u03c4\u03b7 \u03c3\u03b5\u03b6\u03cc\u03bd 2023-24.<\/p>\n<blockquote class=\"twitter-tweet\">\n<p dir=\"ltr\" lang=\"tr\">\ud83d\udc4a Ailemizin yeni \u00fcyesi: Georgios Papagiannis<a href=\"https:\/\/twitter.com\/hashtag\/BenimYerimBuras%C4%B1?src=hash&amp;ref_src=twsrc%5Etfw\" rel=\"noopener\">#BenimYerimBuras\u0131<\/a> <a href=\"https:\/\/t.co\/mL52sWbgc4\">pic.twitter.com\/mL52sWbgc4<\/a><\/p>\n<p>\u2014 Anadolu Efes SK (@AnadoluEfesSK) <a href=\"https:\/\/twitter.com\/AnadoluEfesSK\/status\/1945492415860588561?ref_src=twsrc%5Etfw\" rel=\"noopener\">July 16, 2025<\/a><\/p><\/blockquote>\n<p><script async src=\"https:\/\/platform.twitter.com\/widgets.js\" charset=\"utf-8\"><\/script><\/p>\n<p>\u03a4\u03b7\u03bd \u03c0\u03c1\u03bf\u03b7\u03b3\u03bf\u03cd\u03bc\u03b5\u03bd\u03b7 \u03c3\u03b5\u03b6\u03cc\u03bd, \u03c3\u03c4\u03b7 \u039c\u03bf\u03bd\u03b1\u03ba\u03cc, \u03bf \u0393\u03b9\u03ce\u03c1\u03b3\u03bf\u03c2 \u03a0\u03b1\u03c0\u03b1\u03b3\u03b9\u03ac\u03bd\u03bd\u03b7\u03c2 \u03ad\u03c0\u03b1\u03be\u03b5 \u03c3\u03b5 29 \u03b1\u03b3\u03ce\u03bd\u03b5\u03c2 \u03c4\u03b7\u03c2 Euroleague, \u03bc\u03b5 \u03bc\u03ad\u03c3\u03bf \u03cc\u03c1\u03bf 7,3 \u03c0\u03cc\u03bd\u03c4\u03bf\u03c5\u03c2, 3,4 \u03c1\u03b9\u03bc\u03c0\u03ac\u03bf\u03c5\u03bd\u03c4 \u03ba\u03b1\u03b9 0,5 \u03b1\u03c3\u03af\u03c3\u03c4, \u03c3\u03b5 16:30 \u03bb\u03b5\u03c0\u03c4\u03ac \u03bc\u03ad\u03c3\u03bf \u03cc\u03c1\u03bf \u03b1\u03bd\u03ac \u03b1\u03b3\u03ce\u03bd\u03b1. \u03a3\u03c4\u03bf \u03b3\u03b1\u03bb\u03bb\u03b9\u03ba\u03cc \u03c0\u03c1\u03c9\u03c4\u03ac\u03b8\u03bb\u03b7\u03bc\u03b1, \u03bf \u03a0\u03b1\u03c0\u03b1\u03b3\u03b9\u03ac\u03bd\u03bd\u03b7\u03c2 \u03ad\u03c0\u03b1\u03b9\u03be\u03b5 \u03c3\u03b5 32 \u03b1\u03b3\u03ce\u03bd\u03b5\u03c2, \u03bc\u03b5 5,3 \u03c0\u03cc\u03bd\u03c4\u03bf\u03c5\u03c2, 3,4 \u03c1\u03b9\u03bc\u03c0\u03ac\u03bf\u03c5\u03bd\u03c4 \u03ba\u03b1\u03b9 0,6 \u03b1\u03c3\u03af\u03c3\u03c4, \u03c3\u03b5 17:50 \u03bb\u03b5\u03c0\u03c4\u03ac \u03bc\u03ad\u03c3\u03bf \u03cc\u03c1\u03bf \u03b1\u03bd\u03ac \u03b1\u03b3\u03ce\u03bd\u03b1.<\/p>\n<blockquote class=\"twitter-tweet\">\n<p dir=\"ltr\" lang=\"tr\">\u270d\ufe0f Ba\u015far\u0131l\u0131 oyuncu Georgios Papagiannis ile 2+1 sezonluk s\u00f6zle\u015fme imzalad\u0131k! <a href=\"https:\/\/twitter.com\/hashtag\/Welcome?src=hash&amp;ref_src=twsrc%5Etfw\" rel=\"noopener\">#Welcome<\/a> Georgios <a href=\"https:\/\/twitter.com\/hashtag\/BenimYerimBuras%C4%B1?src=hash&amp;ref_src=twsrc%5Etfw\" rel=\"noopener\">#BenimYerimBuras\u0131<\/a> <a href=\"https:\/\/t.co\/uycHJZcfGS\">pic.twitter.com\/uycHJZcfGS<\/a><\/p>\n<p>\u2014 Anadolu Efes SK (@AnadoluEfesSK) <a href=\"https:\/\/twitter.com\/AnadoluEfesSK\/status\/1945491171595174192?ref_src=twsrc%5Etfw\" rel=\"noopener\">July 16, 2025<\/a><\/p><\/blockquote>\n<p><script async src=\"https:\/\/platform.twitter.com\/widgets.js\" charset=\"utf-8\"><\/script><\/p>\n","protected":false},"excerpt":{"rendered":"<p>\u039f \u0393\u03b9\u03ce\u03c1\u03b3\u03bf\u03c2 \u03a0\u03b1\u03c0\u03b1\u03b3\u03b9\u03ac\u03bd\u03bd\u03b7\u03c2, \u03b1\u03c6\u03bf\u03cd \u03c0\u03c1\u03ce\u03c4\u03b1 \u03b1\u03c0\u03bf\u03c7\u03b1\u03b9\u03c1\u03ad\u03c4\u03b7\u03c3\u03b5 \u03c4\u03bf\u03bd \u0392\u03b1\u03c3\u03af\u03bb\u03b7 \u03a3\u03c0\u03b1\u03bd\u03bf\u03cd\u03bb\u03b7 \u03ba\u03b1\u03b9 \u03c4\u03b7 \u039c\u03bf\u03bd\u03b1\u03ba\u03cc, \u03c5\u03c0\u03ad\u03b3\u03c1\u03b1\u03c8\u03b5 \u03b3\u03b9\u03b1 2+1 \u03c7\u03c1\u03cc\u03bd\u03b9\u03b1 \u03c3\u03c4\u03b7\u03bd \u0391\u03bd\u03b1\u03bd\u03c4\u03bf\u03bb\u03bf\u03cd \u0395\u03c6\u03ad\u03c2 \u03ba\u03b1\u03b9 \u03c4\u03bf \u03b1\u03c0\u03cc\u03b3\u03b5\u03c5\u03bc\u03b1 \u03c4\u03b7\u03c2 \u03a4\u03b5\u03c4\u03ac\u03c1\u03c4\u03b7\u03c2 (16\/7) \u03b1\u03bd\u03b1\u03ba\u03bf\u03b9\u03bd\u03ce\u03b8\u03b7\u03ba\u03b5 \u03b1\u03c0\u03cc \u03c4\u03b7\u03bd \u03bf\u03bc\u03ac\u03b4\u03b1 \u03c4\u03b7\u03c2 \u039a\u03c9\u03bd\u03c3\u03c4\u03b1\u03bd\u03c4\u03b9\u03bd\u03bf\u03cd\u03c0\u03bf\u03bb\u03b7\u03c2. \u0397 \u0395\u03c6\u03ad\u03c2 \u03b1\u03c0\u03bf\u03c4\u03b5\u03bb\u03b5\u03af \u03c4\u03bf\u03bd \u03b4\u03b5\u03cd\u03c4\u03b5\u03c1\u03bf \u03c3\u03c4\u03b1\u03b8\u03bc\u03cc \u03c4\u03bf\u03c5 28\u03c7\u03c1\u03bf\u03bd\u03bf\u03c5 \u0388\u03bb\u03bb\u03b7\u03bd\u03b1 \u03b4\u03b9\u03b5\u03b8\u03bd\u03ae\u03c2 \u03c3\u03ad\u03bd\u03c4\u03b5\u03c1 \u03c3\u03c4\u03b7\u03bd \u03a4\u03bf\u03c5\u03c1\u03ba\u03af\u03b1, \u03bc\u03b5\u03c4\u03ac \u03c4\u03b7 \u03b8\u03b7\u03c4\u03b5\u03af\u03b1 \u03c4\u03bf\u03c5 \u03c3\u03c4\u03b7 \u03a6\u03b5\u03bd\u03b5\u03c1\u03bc\u03c0\u03b1\u03c7\u03c4\u03c3\u03ad \u03c4\u03b7 \u03c3\u03b5\u03b6\u03cc\u03bd 2023-24. \ud83d\udc4a Ailemizin [&hellip;]<\/p>\n","protected":false},"author":49,"featured_media":2404659,"comment_status":"open","ping_status":"open","sticky":false,"template":"","format":"standard","meta":[],"categories":[7],"tags":[52364,41676],"amp_enabled":true,"_links":{"self":[{"href":"https:\/\/www.enikos.gr\/v2\/wp\/v2\/posts\/2404651"}],"collection":[{"href":"https:\/\/www.enikos.gr\/v2\/wp\/v2\/posts"}],"about":[{"href":"https:\/\/www.enikos.gr\/v2\/wp\/v2\/types\/post"}],"author":[{"embeddable":true,"href":"https:\/\/www.enikos.gr\/v2\/wp\/v2\/users\/49"}],"replies":[{"embeddable":true,"href":"https:\/\/www.enikos.gr\/v2\/wp\/v2\/comments?post=2404651"}],"version-history":[{"count":0,"href":"https:\/\/www.enikos.gr\/v2\/wp\/v2\/posts\/2404651\/revisions"}],"wp:featuredmedia":[{"embeddable":true,"href":"https:\/\/www.enikos.gr\/v2\/wp\/v2\/media\/2404659"}],"wp:attachment":[{"href":"https:\/\/www.enikos.gr\/v2\/wp\/v2\/media?parent=2404651"}],"wp:term":[{"taxonomy":"category","embeddable":true,"href":"https:\/\/www.enikos.gr\/v2\/wp\/v2\/categories?post=2404651"},{"taxonomy":"post_tag","embeddable":true,"href":"https:\/\/www.enikos.gr\/v2\/wp\/v2\/tags?post=2404651"}],"curies":[{"name":"wp","href":"https:\/\/api.w.org\/{rel}","templated":true}]}}