{"id":2049702,"date":"2023-10-24T21:27:58","date_gmt":"2023-10-24T18:27:58","guid":{"rendered":"https:\/\/www.enikos.gr\/?p=2049702"},"modified":"2023-10-24T21:25:29","modified_gmt":"2023-10-24T18:25:29","slug":"nea-apeili-gia-vomva-sto-aerodromio-tis-vasileias-ekkenothike-triti-fora-se-mia-evdomada","status":"publish","type":"post","link":"https:\/\/www.enikos.gr\/international\/nea-apeili-gia-vomva-sto-aerodromio-tis-vasileias-ekkenothike-triti-fora-se-mia-evdomada\/2049702\/","title":{"rendered":"N\u03ad\u03b1 \u03b1\u03c0\u03b5\u03b9\u03bb\u03ae \u03b3\u03b9\u03b1 \u03b2\u03cc\u03bc\u03b2\u03b1 \u03c3\u03c4\u03bf \u03b1\u03b5\u03c1\u03bf\u03b4\u03c1\u03cc\u03bc\u03b9\u03bf \u03c4\u03b7\u03c2 \u0392\u03b1\u03c3\u03b9\u03bb\u03b5\u03af\u03b1\u03c2 &#8211; \u0395\u03ba\u03ba\u03b5\u03bd\u03ce\u03b8\u03b7\u03ba\u03b5 \u03c4\u03c1\u03af\u03c4\u03b7 \u03c6\u03bf\u03c1\u03ac \u03c3\u03b5 \u03bc\u03af\u03b1 \u03b5\u03b2\u03b4\u03bf\u03bc\u03ac\u03b4\u03b1"},"content":{"rendered":"<p>\u03a4\u03c1\u03af\u03c4\u03b7 \u03c6\u03bf\u03c1\u03ac \u03c4\u03b7\u03bd \u03c4\u03b5\u03bb\u03b5\u03c5\u03c4\u03b1\u03af\u03b1 \u03b5\u03b2\u03b4\u03bf\u03bc\u03ac\u03b4\u03b1 \u03b4\u03cc\u03b8\u03b7\u03ba\u03b5 \u03b5\u03bd\u03c4\u03bf\u03bb\u03ae \u03b5\u03ba\u03ba\u03ad\u03bd\u03c9\u03c3\u03b7\u03c2 \u03c4\u03bf\u03c5 \u03b4\u03b9\u03b5\u03b8\u03bd\u03bf\u03cd\u03c2 <a href=\"https:\/\/www.enikos.gr\/tag\/%CE%91%CE%95%CE%A1%CE%9F%CE%94%CE%A1%CE%9F%CE%9C%CE%99%CE%9F\/\">\u03b1\u03b5\u03c1\u03bf\u03b4\u03c1\u03bf\u03bc\u03af\u03bf\u03c5<\/a> <a href=\"https:\/\/www.enikos.gr\/tag\/%CE%95%CE%9B%CE%92%CE%95%CE%A4%CE%99%CE%91\/\">\u0392\u03b1\u03c3\u03b9\u03bb\u03b5\u03af\u03b1\u03c2-\u039c\u03c5\u03bb\u03bf\u03cd\u03b6-\u03a6\u03c1\u03ac\u03b9\u03bc\u03c0\u03bf\u03c5\u03c1\u03b3\u03ba<\/a> \u03bb\u03cc\u03b3\u03c9 \u03b1\u03c0\u03b5\u03b9\u03bb\u03ae\u03c2 \u03b3\u03b9\u03b1 <a href=\"https:\/\/www.enikos.gr\/tag\/%CE%92%CE%9F%CE%9C%CE%92%CE%91\/\">\u03b2\u03cc\u03bc\u03b2\u03b1<\/a>.<\/p>\n<p>\u038c\u03c0\u03c9\u03c2 \u03b1\u03bd\u03b1\u03ba\u03bf\u03af\u03bd\u03c9\u03c3\u03b1\u03bd \u03bf\u03b9 \u03b3\u03b1\u03bb\u03bb\u03b9\u03ba\u03ad\u03c2 \u0391\u03c1\u03c7\u03ad\u03c2 \u03bc\u03b5 \u03b1\u03bd\u03ac\u03c1\u03c4\u03b7\u03c3\u03ae \u03c4\u03bf\u03c5\u03c2 \u03c3\u03c4\u03b7\u03bd <strong>\u03c0\u03bb\u03b1\u03c4\u03c6\u03cc\u03c1\u03bc\u03b1 \u03a7<\/strong>, \u03c3\u03c4\u03b9\u03c2 17:30 \u03b4\u03cc\u03b8\u03b7\u03ba\u03b5 \u03b7 <strong>\u03b5\u03bd\u03c4\u03bf\u03bb\u03ae \u03b5\u03ba\u03ba\u03ad\u03bd\u03c9\u03c3\u03b7\u03c2<\/strong>, \u03bc\u03b5 \u03c4\u03bf\u03c5\u03c2 \u03b5\u03c0\u03b9\u03b2\u03ac\u03c4\u03b5\u03c2 \u03ba\u03b1\u03b9 \u03c4\u03bf \u03c0\u03c1\u03bf\u03c3\u03c9\u03c0\u03b9\u03ba\u03cc \u03bd\u03b1 \u03bc\u03b5\u03c4\u03b1\u03c6\u03ad\u03c1\u03bf\u03bd\u03c4\u03b1\u03b9 \u03c3\u03b5 <strong>\u03b1\u03c3\u03c6\u03b1\u03bb\u03ad\u03c2 \u03c3\u03b7\u03bc\u03b5\u03af\u03bf<\/strong>. \u03a0\u03b1\u03c1\u03ac\u03bb\u03bb\u03b7\u03bb\u03b1 \u03ad\u03c7\u03b5\u03b9 \u03b4\u03b7\u03bc\u03b9\u03bf\u03c5\u03c1\u03b3\u03b7\u03b8\u03b5\u03af <strong>\u03c0\u03b5\u03c1\u03af\u03bc\u03b5\u03c4\u03c1\u03bf\u03c2 \u03b1\u03c3\u03c6\u03b1\u03bb\u03b5\u03af\u03b1\u03c2<\/strong> \u03b1\u03c0\u03cc \u03c4\u03b7\u03bd \u03b1\u03c3\u03c4\u03c5\u03bd\u03bf\u03bc\u03af\u03b1 \u03ba\u03b1\u03b9 \u03c3\u03c4\u03bf \u03c3\u03b7\u03bc\u03b5\u03af\u03bf \u03ad\u03c3\u03c0\u03b5\u03c5\u03c3\u03b5 <strong>\u03b5\u03b9\u03b4\u03b9\u03ba\u03ae \u03bf\u03bc\u03ac\u03b4\u03b1 \u03b5\u03be\u03bf\u03c5\u03b4\u03b5\u03c4\u03ad\u03c1\u03c9\u03c3\u03b7\u03c2 \u03b5\u03ba\u03c1\u03b7\u03ba\u03c4\u03b9\u03ba\u03ce\u03bd<\/strong>.<\/p>\n<blockquote class=\"twitter-tweet\">\n<p dir=\"ltr\" lang=\"fr\">Mardi 24\/10 \u00e0 17h30<br \/>\n\u26a0\ufe0fNouvelle alerte \u00e0 la bombe \u00e0 l&#8217;a\u00e9roport de B\u00e2le-Mulhouse.<br \/>\n\u25b6\ufe0f\u00e9vacuation et mise en s\u00e9curit\u00e9 du personnel et des passagers<br \/>\n\u25b6\ufe0fp\u00e9rim\u00e8tre de s\u00e9curit\u00e9 mis en place par les forces de l&#8217;ordre<br \/>\n\u25b6\ufe0fd\u00e9mineurs sur place pour une lev\u00e9e de doute<a href=\"https:\/\/twitter.com\/euroairportcom?ref_src=twsrc%5Etfw\" rel=\"noopener\">@euroairportcom<\/a> <a href=\"https:\/\/t.co\/GCw3sZyDRM\">pic.twitter.com\/GCw3sZyDRM<\/a><\/p>\n<p>\u2014 Pr\u00e9fet du Haut-Rhin (@Prefet68) <a href=\"https:\/\/twitter.com\/Prefet68\/status\/1716840646407766468?ref_src=twsrc%5Etfw\" rel=\"noopener\">October 24, 2023<\/a><\/p><\/blockquote>\n<p><script async src=\"https:\/\/platform.twitter.com\/widgets.js\" charset=\"utf-8\"><\/script><\/p>\n","protected":false},"excerpt":{"rendered":"<p>\u03a4\u03c1\u03af\u03c4\u03b7 \u03c6\u03bf\u03c1\u03ac \u03c4\u03b7\u03bd \u03c4\u03b5\u03bb\u03b5\u03c5\u03c4\u03b1\u03af\u03b1 \u03b5\u03b2\u03b4\u03bf\u03bc\u03ac\u03b4\u03b1 \u03b4\u03cc\u03b8\u03b7\u03ba\u03b5 \u03b5\u03bd\u03c4\u03bf\u03bb\u03ae \u03b5\u03ba\u03ba\u03ad\u03bd\u03c9\u03c3\u03b7\u03c2 \u03c4\u03bf\u03c5 \u03b4\u03b9\u03b5\u03b8\u03bd\u03bf\u03cd\u03c2 \u03b1\u03b5\u03c1\u03bf\u03b4\u03c1\u03bf\u03bc\u03af\u03bf\u03c5 \u0392\u03b1\u03c3\u03b9\u03bb\u03b5\u03af\u03b1\u03c2-\u039c\u03c5\u03bb\u03bf\u03cd\u03b6-\u03a6\u03c1\u03ac\u03b9\u03bc\u03c0\u03bf\u03c5\u03c1\u03b3\u03ba \u03bb\u03cc\u03b3\u03c9 \u03b1\u03c0\u03b5\u03b9\u03bb\u03ae\u03c2 \u03b3\u03b9\u03b1 \u03b2\u03cc\u03bc\u03b2\u03b1. \u038c\u03c0\u03c9\u03c2 \u03b1\u03bd\u03b1\u03ba\u03bf\u03af\u03bd\u03c9\u03c3\u03b1\u03bd \u03bf\u03b9 \u03b3\u03b1\u03bb\u03bb\u03b9\u03ba\u03ad\u03c2 \u0391\u03c1\u03c7\u03ad\u03c2 \u03bc\u03b5 \u03b1\u03bd\u03ac\u03c1\u03c4\u03b7\u03c3\u03ae \u03c4\u03bf\u03c5\u03c2 \u03c3\u03c4\u03b7\u03bd \u03c0\u03bb\u03b1\u03c4\u03c6\u03cc\u03c1\u03bc\u03b1 \u03a7, \u03c3\u03c4\u03b9\u03c2 17:30 \u03b4\u03cc\u03b8\u03b7\u03ba\u03b5 \u03b7 \u03b5\u03bd\u03c4\u03bf\u03bb\u03ae \u03b5\u03ba\u03ba\u03ad\u03bd\u03c9\u03c3\u03b7\u03c2, \u03bc\u03b5 \u03c4\u03bf\u03c5\u03c2 \u03b5\u03c0\u03b9\u03b2\u03ac\u03c4\u03b5\u03c2 \u03ba\u03b1\u03b9 \u03c4\u03bf \u03c0\u03c1\u03bf\u03c3\u03c9\u03c0\u03b9\u03ba\u03cc \u03bd\u03b1 \u03bc\u03b5\u03c4\u03b1\u03c6\u03ad\u03c1\u03bf\u03bd\u03c4\u03b1\u03b9 \u03c3\u03b5 \u03b1\u03c3\u03c6\u03b1\u03bb\u03ad\u03c2 \u03c3\u03b7\u03bc\u03b5\u03af\u03bf. \u03a0\u03b1\u03c1\u03ac\u03bb\u03bb\u03b7\u03bb\u03b1 \u03ad\u03c7\u03b5\u03b9 \u03b4\u03b7\u03bc\u03b9\u03bf\u03c5\u03c1\u03b3\u03b7\u03b8\u03b5\u03af \u03c0\u03b5\u03c1\u03af\u03bc\u03b5\u03c4\u03c1\u03bf\u03c2 \u03b1\u03c3\u03c6\u03b1\u03bb\u03b5\u03af\u03b1\u03c2 \u03b1\u03c0\u03cc \u03c4\u03b7\u03bd \u03b1\u03c3\u03c4\u03c5\u03bd\u03bf\u03bc\u03af\u03b1 \u03ba\u03b1\u03b9 \u03c3\u03c4\u03bf \u03c3\u03b7\u03bc\u03b5\u03af\u03bf [&hellip;]<\/p>\n","protected":false},"author":109,"featured_media":2049706,"comment_status":"open","ping_status":"open","sticky":false,"template":"","format":"standard","meta":[],"categories":[5],"tags":[3716,4067,238552,3045],"amp_enabled":true,"_links":{"self":[{"href":"https:\/\/www.enikos.gr\/v2\/wp\/v2\/posts\/2049702"}],"collection":[{"href":"https:\/\/www.enikos.gr\/v2\/wp\/v2\/posts"}],"about":[{"href":"https:\/\/www.enikos.gr\/v2\/wp\/v2\/types\/post"}],"author":[{"embeddable":true,"href":"https:\/\/www.enikos.gr\/v2\/wp\/v2\/users\/109"}],"replies":[{"embeddable":true,"href":"https:\/\/www.enikos.gr\/v2\/wp\/v2\/comments?post=2049702"}],"version-history":[{"count":0,"href":"https:\/\/www.enikos.gr\/v2\/wp\/v2\/posts\/2049702\/revisions"}],"wp:featuredmedia":[{"embeddable":true,"href":"https:\/\/www.enikos.gr\/v2\/wp\/v2\/media\/2049706"}],"wp:attachment":[{"href":"https:\/\/www.enikos.gr\/v2\/wp\/v2\/media?parent=2049702"}],"wp:term":[{"taxonomy":"category","embeddable":true,"href":"https:\/\/www.enikos.gr\/v2\/wp\/v2\/categories?post=2049702"},{"taxonomy":"post_tag","embeddable":true,"href":"https:\/\/www.enikos.gr\/v2\/wp\/v2\/tags?post=2049702"}],"curies":[{"name":"wp","href":"https:\/\/api.w.org\/{rel}","templated":true}]}}