{"id":1738419,"date":"2022-01-11T19:35:28","date_gmt":"2022-01-11T17:35:28","guid":{"rendered":"https:\/\/www.enikos.gr\/?p=1738419"},"modified":"2022-01-11T19:40:44","modified_gmt":"2022-01-11T17:40:44","slug":"ntavint-sasoli-minymata-agapis-kai-ektimisis-apo-tis-vryxelles","status":"publish","type":"post","link":"https:\/\/www.enikos.gr\/i-evropi-sto-enikos\/ntavint-sasoli-minymata-agapis-kai-ektimisis-apo-tis-vryxelles\/1738419\/","title":{"rendered":"\u039d\u03c4\u03b1\u03b2\u03af\u03bd\u03c4 \u03a3\u03b1\u03c3\u03cc\u03bb\u03b9: \u039c\u03b7\u03bd\u03cd\u03bc\u03b1\u03c4\u03b1 \u03b1\u03b3\u03ac\u03c0\u03b7\u03c2 \u03ba\u03b1\u03b9 \u03b5\u03ba\u03c4\u03af\u03bc\u03b7\u03c3\u03b7\u03c2 \u03b1\u03c0\u03cc \u03c4\u03b9\u03c2 \u0392\u03c1\u03c5\u03be\u03ad\u03bb\u03bb\u03b5\u03c2"},"content":{"rendered":"<p>\u03a3\u03c5\u03b3\u03ba\u03bb\u03bf\u03bd\u03b9\u03c3\u03bc\u03ad\u03bd\u03b7 \u03b5\u03af\u03bd\u03b1\u03b9 \u03b7 <a href=\"https:\/\/www.enikos.gr\/politics\/mitsotakis-gia-sasoli-eimai-sokarismenos-kai-lypimenos\/1738140\/\">\u0395\u03c5\u03c1\u03ce\u03c0\u03b7<\/a> \u03b1\u03c0\u03cc \u03c4\u03bf\u03bd \u03b1\u03b9\u03c6\u03bd\u03af\u03b4\u03b9\u03bf \u03c7\u03b1\u03bc\u03cc \u03c4\u03bf\u03c5 <a href=\"https:\/\/www.enikos.gr\/international\/pethane-o-proedros-tou-evropaikou-koinovouliou-ntavint-sasoli\/1738062\/\">\u03c0\u03c1\u03bf\u03ad\u03b4\u03c1\u03bf\u03c5 \u03c4\u03bf\u03c5 \u0395\u03c5\u03c1\u03c9\u03c0\u03b1\u03ca\u03ba\u03bf\u03cd \u039a\u03bf\u03b9\u03bd\u03bf\u03b2\u03bf\u03c5\u03bb\u03af\u03bf\u03c5<\/a><a href=\"https:\/\/www.enikos.gr\/international\/ntavint-sasoli-i-poreia-apo-tin-rai-mechri-tin-proedria-tou-evropaikou-koinovouliou\/1738075\/\"> \u039d\u03c4\u03b1\u03b2\u03af\u03bd\u03c4 \u03a3\u03b1\u03c3\u03cc\u03bb\u03b9,<\/a> \u03c0\u03bf\u03c5 \u03c0\u03ad\u03b8\u03b1\u03bd\u03b5 \u03c4\u03b9\u03c2 \u03c0\u03c1\u03ce\u03c4\u03b5\u03c2 \u03c0\u03c1\u03c9\u03b9\u03bd\u03ad\u03c2 \u03ce\u03c1\u03b5\u03c2 \u03c4\u03b7\u03c2 \u03a4\u03c1\u03af\u03c4\u03b7\u03c2.<\/p>\n<p>T\u03bf\u03bd \u03b8\u03ac\u03bd\u03b1\u03c4\u03cc \u03c4\u03bf\u03c5 \u03b1\u03bd\u03b1\u03ba\u03bf\u03af\u03bd\u03c9\u03c3\u03b5 \u03c4\u03b1 \u03be\u03b7\u03bc\u03b5\u03c1\u03ce\u03bc\u03b1\u03c4\u03b1 \u03bf \u03b5\u03ba\u03c0\u03c1\u03cc\u03c3\u03c9\u03c0\u03cc\u03c2 \u03c4\u03bf\u03c5 \u03a1\u03bf\u03bc\u03c0\u03ad\u03c1\u03c4\u03bf \u039a\u03bf\u03cd\u03b9\u03bb\u03bf: \u00ab\u039f \u039d\u03c4\u03ac\u03b2\u03b9\u03bd\u03c4 \u03a3\u03b1\u03c3\u03cc\u03bb\u03b9 \u03b1\u03c0\u03b5\u03b2\u03af\u03c9\u03c3\u03b5 \u03c3\u03c4\u03b7 1:15 \u03c3\u03c4\u03b9\u03c2 11 \u0399\u03b1\u03bd\u03bf\u03c5\u03b1\u03c1\u03af\u03bf\u03c5 \u03c3\u03c4\u03bf o\u03b3\u03ba\u03bf\u03bb\u03bf\u03b3\u03b9\u03ba\u03cc \u03bd\u03bf\u03c3\u03bf\u03ba\u03bf\u03bc\u03b5\u03af\u03bf CRO \u03c3\u03c4\u03bf \u0391\u03b2\u03b9\u03ac\u03bd\u03bf \u03c4\u03b7\u03c2 \u0399\u03c4\u03b1\u03bb\u03af\u03b1\u03c2, \u03cc\u03c0\u03bf\u03c5 \u03bd\u03bf\u03c3\u03b7\u03bb\u03b5\u03c5\u03cc\u03c4\u03b1\u03bd. H \u03b7\u03bc\u03ad\u03c1\u03b1 \u03ba\u03b1\u03b9 \u03bf \u03c4\u03cc\u03c0\u03bf\u03c2 \u03c4\u03b7\u03c2 \u03ba\u03b7\u03b4\u03b5\u03af\u03b1\u03c2 \u03b8\u03b1 \u03b1\u03bd\u03b1\u03ba\u03bf\u03b9\u03bd\u03c9\u03b8\u03bf\u03cd\u03bd \u03c4\u03b9\u03c2 \u03b5\u03c0\u03cc\u03bc\u03b5\u03bd\u03b5\u03c2 \u03ce\u03c1\u03b5\u03c2\u00bb \u03ad\u03b3\u03c1\u03b1\u03c8\u03b5.<\/p>\n<p>\u0391\u03c1\u03ba\u03b5\u03c4\u03ad\u03c2 \u03ce\u03c1\u03b5\u03c2 \u03c0\u03c1\u03b9\u03bd, \u03c4\u03bf \u0395\u03c5\u03c1\u03c9\u03c0\u03b1\u03ca\u03ba\u03cc \u039a\u03bf\u03b9\u03bd\u03bf\u03b2\u03bf\u03cd\u03bb\u03b9\u03bf \u03b5\u03af\u03c7\u03b5 \u03b1\u03bd\u03b1\u03ba\u03bf\u03b9\u03bd\u03ce\u03c3\u03b5\u03b9 \u03cc\u03c4\u03b9 \u03bf <a href=\"https:\/\/www.enikos.gr\/international\/ntavint-sasoli-nosilevetai-se-nosokomeio-tis-italias\/1737797\/\">\u039d\u03c4\u03b1\u03b2\u03af\u03bd\u03c4 \u03a3\u03b1\u03c3\u03cc\u03bb\u03b9 \u03bd\u03bf\u03c3\u03b7\u03bb\u03b5\u03c5\u03cc\u03c4\u03b1\u03bd<\/a> \u03c3\u03b5 \u03bd\u03bf\u03c3\u03bf\u03ba\u03bf\u03bc\u03b5\u03af\u03bf \u03c4\u03b7\u03c2 \u0399\u03c4\u03b1\u03bb\u03af\u03b1\u03c2 \u03b1\u03c0\u03cc \u03c4\u03b9\u03c2 26 \u0394\u03b5\u03ba\u03b5\u03bc\u03b2\u03c1\u03af\u03bf\u03c5 \u00ab\u03bb\u03cc\u03b3\u03c9 \u03c3\u03bf\u03b2\u03b1\u03c1\u03ae\u03c2 \u03b5\u03c0\u03b9\u03c0\u03bb\u03bf\u03ba\u03ae\u03c2 \u03ba\u03b1\u03b9 \u03b4\u03c5\u03c3\u03bb\u03b5\u03b9\u03c4\u03bf\u03c5\u03c1\u03b3\u03af\u03b1\u03c2 \u03c4\u03bf\u03c5 \u03b1\u03bd\u03bf\u03c3\u03bf\u03c0\u03bf\u03b9\u03b7\u03c4\u03b9\u03ba\u03bf\u03cd \u03c3\u03c5\u03c3\u03c4\u03ae\u03bc\u03b1\u03c4\u03bf\u03c2\u00bb.<\/p>\n<p><img decoding=\"async\" loading=\"lazy\" class=\"aligncenter size-full wp-image-1738407\" src=\"https:\/\/www.enikos.gr\/wp-content\/uploads\/2022\/01\/david-sassoli-1.jpg\" alt=\"\u039d\u03c4\u03b1\u03b2\u03af\u03bd\u03c4 \u03a3\u03b1\u03c3\u03cc\u03bb\u03b9\" width=\"1800\" height=\"1200\" srcset=\"https:\/\/www.enikos.gr\/wp-content\/uploads\/2022\/01\/david-sassoli-1.jpg 1800w, https:\/\/www.enikos.gr\/wp-content\/uploads\/2022\/01\/david-sassoli-1-265x176.jpg 265w, https:\/\/www.enikos.gr\/wp-content\/uploads\/2022\/01\/david-sassoli-1-618x412.jpg 618w, https:\/\/www.enikos.gr\/wp-content\/uploads\/2022\/01\/david-sassoli-1-768x512.jpg 768w, https:\/\/www.enikos.gr\/wp-content\/uploads\/2022\/01\/david-sassoli-1-1536x1024.jpg 1536w\" sizes=\"(max-width: 1800px) 100vw, 1800px\" \/><\/p>\n<p>\u039f \u039a\u03bf\u03c5\u03af\u03bb\u03bf \u03bc\u03b5 \u03bd\u03ad\u03b1 \u03b1\u03bd\u03ac\u03c1\u03c4\u03b7\u03c3\u03b7 \u03b5\u03bd\u03b7\u03bc\u03ad\u03c1\u03c9\u03c3\u03b5 \u03c0\u03c9\u03c2 \u03b7 \u03c3\u03bf\u03c1\u03cc\u03c2 \u03c4\u03bf\u03c5 \u039d\u03c4\u03b1\u03b2\u03af\u03bd\u03c4 \u03a3\u03b1\u03c3\u03cc\u03bb\u03b9 \u03b8\u03b1 \u03b5\u03ba\u03c4\u03b5\u03b8\u03b5\u03af \u03c3\u03b5 \u03bb\u03b1\u03ca\u03ba\u03cc \u03c0\u03c1\u03bf\u03c3\u03ba\u03cd\u03bd\u03b7\u03bc\u03b1 \u03c4\u03b7\u03bd \u03a0\u03ad\u03bc\u03c0\u03c4\u03b7 \u03c3\u03c4\u03b7 Sala della Promoteca (\u0391\u03af\u03b8\u03bf\u03c5\u03c3\u03b1 \u03a0\u03c1\u03bf\u03c4\u03bf\u03bc\u03ce\u03bd) \u03c4\u03bf\u03c5 \u039a\u03b1\u03c0\u03b9\u03c4\u03c9\u03bb\u03af\u03bf\u03c5 \u03c4\u03b7\u03c2 \u03a1\u03ce\u03bc\u03b7\u03c2, \u03b1\u03c0\u03cc \u03c4\u03b9\u03c2 10.00 \u03ad\u03c9\u03c2 \u03c4\u03b9\u03c2 18.00, \u03b5\u03bd\u03ce \u03b7 \u03bd\u03b5\u03ba\u03c1\u03ce\u03c3\u03b9\u03bc\u03bf\u03c2 \u03b1\u03ba\u03bf\u03bb\u03bf\u03c5\u03b8\u03af\u03b1 \u03b8\u03b1 \u03c4\u03b5\u03bb\u03b5\u03c3\u03c4\u03b5\u03af \u03c4\u03b7\u03bd \u03a0\u03b1\u03c1\u03b1\u03c3\u03ba\u03b5\u03c5\u03ae 14 \u0399\u03b1\u03bd\u03bf\u03c5\u03b1\u03c1\u03af\u03bf\u03c5 \u03c3\u03c4\u03b9\u03c2 12.00 \u03c3\u03c4\u03b7\u03bd \u03b5\u03ba\u03ba\u03bb\u03b7\u03c3\u03af\u03b1 Santa Maria degli Angeli \u03c3\u03c4\u03b7\u03bd Piazza della Repubblica \u03c4\u03b7\u03c2 \u03a1\u03ce\u03bc\u03b7\u03c2.<\/p>\n<blockquote class=\"twitter-tweet\">\n<p dir=\"ltr\" lang=\"en\">The Camera Ardente for <a href=\"https:\/\/twitter.com\/EP_President?ref_src=twsrc%5Etfw\" rel=\"noopener\">@EP_President<\/a> David Sassoli will be on Thursday, January 13 in Sala della Promoteca of the Campidoglio from 10.00 to 18.00. The funeral service will be held on Friday 14 at 12.00 in the church of Santa Maria degli Angeli, Piazza della Repubblica in Rome.<\/p>\n<p>\u2014 RobertoCuillo (@robertocuillo) <a href=\"https:\/\/twitter.com\/robertocuillo\/status\/1480886072787746819?ref_src=twsrc%5Etfw\" rel=\"noopener\">January 11, 2022<\/a><\/p><\/blockquote>\n<p><script async src=\"https:\/\/platform.twitter.com\/widgets.js\" charset=\"utf-8\"><\/script><\/p>\n<p>&nbsp;<\/p>\n<h3>\u03a4\u03bf \u00ab\u03b1\u03bd\u03c4\u03af\u03bf\u00bb \u03c4\u03c9\u03bd \u0392\u03c1\u03c5\u03be\u03b5\u03bb\u03bb\u03ce\u03bd<\/h3>\n<p>\u039f\u03b9 \u0392\u03c1\u03c5\u03be\u03ad\u03bb\u03bb\u03b5\u03c2, \u03bc\u03b5 \u03bc\u03b7\u03bd\u03cd\u03bc\u03b1\u03c4\u03b1 \u03b5\u03ba\u03c4\u03af\u03bc\u03b7\u03c3\u03b7\u03c2 \u03ba\u03b1\u03b9 \u03b1\u03b3\u03ac\u03c0\u03b7\u03c2, \u03b1\u03c0\u03bf\u03c7\u03b1\u03b9\u03c1\u03b5\u03c4\u03bf\u03cd\u03bd \u03c4\u03bf\u03bd \u03b5\u03ba\u03bb\u03b9\u03c0\u03cc\u03bd\u03c4\u03b1 \u03c0\u03c1\u03cc\u03b5\u03b4\u03c1\u03bf \u03c4\u03bf\u03c5 \u0395\u03c5\u03c1\u03c9\u03c0\u03b1\u03ca\u03ba\u03bf\u03cd \u039a\u03bf\u03b9\u03bd\u03bf\u03b2\u03bf\u03c5\u03bb\u03af\u03bf\u03c5 \u039d\u03c4\u03b1\u03b2\u03af\u03bd\u03c4 \u03a3\u03b1\u03c3\u03cc\u03bb\u03b9.<\/p>\n<p>\u00ab\u0397 \u03b1\u03bd\u03b8\u03c1\u03ce\u03c0\u03b9\u03bd\u03b7 \u03b6\u03b5\u03c3\u03c4\u03b1\u03c3\u03b9\u03ac \u03c4\u03bf\u03c5, \u03b7 \u03b3\u03b5\u03bd\u03bd\u03b1\u03b9\u03bf\u03b4\u03c9\u03c1\u03af\u03b1 \u03c4\u03bf\u03c5, \u03b7 \u03b5\u03c5\u03b8\u03c5\u03bc\u03af\u03b1 \u03c4\u03bf\u03c5 \u03ba\u03b1\u03b9 \u03c4\u03bf \u03c7\u03b1\u03bc\u03cc\u03b3\u03b5\u03bb\u03cc \u03c4\u03bf\u03c5 \u03bb\u03b5\u03af\u03c0\u03bf\u03c5\u03bd \u03ae\u03b4\u03b7\u00bb, \u03ad\u03b3\u03c1\u03b1\u03c8\u03b5 \u03c3\u03c4\u03bf Twitter o \u03c0\u03c1\u03cc\u03b5\u03b4\u03c1\u03bf\u03c2 \u03c4\u03bf\u03c5 \u03a3\u03c5\u03bc\u03b2\u03bf\u03c5\u03bb\u03af\u03bf\u03c5 \u03c4\u03b7\u03c2 \u0395\u0395 \u03a3\u03b1\u03c1\u03bb \u039c\u03b9\u03c3\u03ad\u03bb. \u00ab\u0395\u03af\u03bc\u03b1\u03b9 \u03bb\u03c5\u03c0\u03b7\u03bc\u03ad\u03bd\u03bf\u03c2 \u03ba\u03b1\u03b9 \u03c3\u03c5\u03b3\u03ba\u03b9\u03bd\u03b7\u03bc\u03ad\u03bd\u03bf\u03c2 \u03bc\u03b5 \u03c4\u03b7\u03bd \u03b1\u03bd\u03b1\u03ba\u03bf\u03af\u03bd\u03c9\u03c3\u03b7 \u03c4\u03bf\u03c5 \u03b8\u03b1\u03bd\u03ac\u03c4\u03bf\u03c5 \u03c4\u03bf\u03c5 \u039d\u03c4\u03b1\u03b2\u03af\u03bd\u03c4 \u03a3\u03b1\u03c3\u03cc\u03bb\u03b9. \u03a4\u03b1 \u03b5\u03b9\u03bb\u03b9\u03ba\u03c1\u03b9\u03bd\u03ae \u03c3\u03c5\u03bb\u03bb\u03c5\u03c0\u03b7\u03c4\u03ae\u03c1\u03b9\u03b1 \u03c3\u03c4\u03b7\u03bd \u03bf\u03b9\u03ba\u03bf\u03b3\u03ad\u03bd\u03b5\u03b9\u03ac \u03c4\u03bf\u03c5 \u03ba\u03b1\u03b9 \u03c3\u03c4\u03bf\u03c5\u03c2 \u03b4\u03b9\u03ba\u03bf\u03cd\u03c2 \u03c4\u03bf\u03c5\u00bb.<\/p>\n<blockquote class=\"twitter-tweet\">\n<p dir=\"ltr\" lang=\"fr\">Je me sens triste et \u00e9mu apr\u00e8s l\u2019annonce de la disparition de <a href=\"https:\/\/twitter.com\/EP_President?ref_src=twsrc%5Etfw\" rel=\"noopener\">@EP_President<\/a> <a href=\"https:\/\/twitter.com\/DavidSassoli?ref_src=twsrc%5Etfw\" rel=\"noopener\">@DavidSassoli<\/a><\/p>\n<p>Europ\u00e9en sinc\u00e8re et passionn\u00e9, sa chaleur humaine, sa g\u00e9n\u00e9rosit\u00e9, sa convivialit\u00e9 et son sourire nous manquent d\u00e9j\u00e0.<\/p>\n<p>Condol\u00e9ances sinc\u00e8res \u00e0 sa famille et \u00e0 ses proches.<\/p>\n<p>\u2014 Charles Michel (@eucopresident) <a href=\"https:\/\/twitter.com\/eucopresident\/status\/1480792659899961347?ref_src=twsrc%5Etfw\" rel=\"noopener\">January 11, 2022<\/a><\/p><\/blockquote>\n<p><script async src=\"https:\/\/platform.twitter.com\/widgets.js\" charset=\"utf-8\"><\/script><\/p>\n<blockquote class=\"twitter-tweet\">\n<p dir=\"ltr\" lang=\"en\">It was an honor to work with David to promote our European values.<a href=\"https:\/\/twitter.com\/DavidSassoli?ref_src=twsrc%5Etfw\" rel=\"noopener\">@DavidSassoli<\/a> was a great European, passionate, sincere, generous and authentic.<\/p>\n<p>He contributed competently, intelligently and elegantly to forging important decisions for the EU. <a href=\"https:\/\/t.co\/IdSOxtIEhG\">pic.twitter.com\/IdSOxtIEhG<\/a><\/p>\n<p>\u2014 Charles Michel (@eucopresident) <a href=\"https:\/\/twitter.com\/eucopresident\/status\/1480921094202834945?ref_src=twsrc%5Etfw\" rel=\"noopener\">January 11, 2022<\/a><\/p><\/blockquote>\n<p><script async src=\"https:\/\/platform.twitter.com\/widgets.js\" charset=\"utf-8\"><\/script><\/p>\n<p>\u03a4\u03b7 \u03b8\u03bb\u03af\u03c8\u03b7 \u03c4\u03b7\u03c2 \u03b3\u03b9\u03b1 \u03c4\u03b7\u03bd \u03b1\u03c0\u03ce\u03bb\u03b5\u03b9\u03b1 \u03c4\u03bf\u03c5 \u03c0\u03c1\u03bf\u03ad\u03b4\u03c1\u03bf\u03c5 \u03c4\u03bf\u03c5 \u0395\u03c5\u03c1\u03c9\u03c0\u03b1\u03ca\u03ba\u03bf\u03cd \u039a\u03bf\u03b9\u03bd\u03bf\u03b2\u03bf\u03c5\u03bb\u03af\u03bf\u03c5, \u039d\u03c4\u03ac\u03b2\u03b9\u03bd\u03c4 \u03a3\u03b1\u03c3\u03cc\u03bb\u03b9, \u03b5\u03ba\u03c6\u03c1\u03ac\u03b6\u03b5\u03b9 \u03b7 \u03c0\u03c1\u03cc\u03b5\u03b4\u03c1\u03bf\u03c2 \u03c4\u03b7\u03c2 \u039a\u03bf\u03bc\u03b9\u03c3\u03b9\u03cc\u03bd, \u039f\u03cd\u03c1\u03c3\u03bf\u03c5\u03bb\u03b1 \u03a6\u03bf\u03bd \u039d\u03c4\u03b5\u03c1 \u039b\u03ac\u03b9\u03b5\u03bd, \u03bc\u03b5 \u03b1\u03bd\u03ac\u03c1\u03c4\u03b7\u03c3\u03ae \u03c4\u03b7\u03c2 \u03c3\u03c4\u03bf twitter, \u03c4\u03bf\u03bd\u03af\u03b6\u03bf\u03bd\u03c4\u03b1\u03c2 \u03cc\u03c4\u03b9 \u03ae\u03c4\u03b1\u03bd \u00ab\u03ad\u03bd\u03b1\u03c2 \u03c3\u03c0\u03bf\u03c5\u03b4\u03b1\u03af\u03bf\u03c2 \u0395\u03c5\u03c1\u03c9\u03c0\u03b1\u03af\u03bf\u03c2\u00bb \u03ba\u03b1\u03b9 \u03ad\u03bd\u03b1\u03c2 \u00ab\u03c0\u03b5\u03c1\u03ae\u03c6\u03b1\u03bd\u03bf\u03c2 \u0399\u03c4\u03b1\u03bb\u03cc\u03c2\u00bb.<\/p>\n<p>\u0395\u03b9\u03b4\u03b9\u03ba\u03cc\u03c4\u03b5\u03c1\u03b1, \u03b7 \u03ba. \u03a6\u03bf\u03bd \u039d\u03c4\u03b5\u03c1 \u039b\u03ac\u03b9\u03b5\u03bd \u03c3\u03b7\u03bc\u03b5\u03b9\u03ce\u03bd\u03b5\u03b9:\u00a0\u00ab\u039b\u03c5\u03c0\u03ac\u03bc\u03b1\u03b9 \u03b2\u03b1\u03b8\u03b9\u03ac \u03b3\u03b9\u03b1 \u03c4\u03b7\u03bd \u03c4\u03c1\u03bf\u03bc\u03b5\u03c1\u03ae \u03b1\u03c0\u03ce\u03bb\u03b5\u03b9\u03b1 \u03b5\u03bd\u03cc\u03c2 \u03c3\u03c0\u03bf\u03c5\u03b4\u03b1\u03af\u03bf\u03c5 \u0395\u03c5\u03c1\u03c9\u03c0\u03b1\u03af\u03bf\u03c5 \u03ba\u03b1\u03b9 \u03c0\u03b5\u03c1\u03ae\u03c6\u03b1\u03bd\u03bf\u03c5 \u0399\u03c4\u03b1\u03bb\u03bf\u03cd. \u039f \u039d\u03c4\u03ac\u03b2\u03b9\u03bd\u03c4 \u03a3\u03b1\u03c3\u03cc\u03bb\u03b9 \u03ae\u03c4\u03b1\u03bd \u03ad\u03bd\u03b1\u03c2 \u03c0\u03b1\u03b8\u03b9\u03b1\u03c3\u03bc\u03ad\u03bd\u03bf\u03c2 \u03b4\u03b7\u03bc\u03bf\u03c3\u03b9\u03bf\u03b3\u03c1\u03ac\u03c6\u03bf\u03c2, \u03ad\u03bd\u03b1\u03c2 \u03b5\u03be\u03b1\u03b9\u03c1\u03b5\u03c4\u03b9\u03ba\u03cc\u03c2 \u03c0\u03c1\u03cc\u03b5\u03b4\u03c1\u03bf\u03c2 \u03c4\u03bf\u03c5 \u0395\u03c5\u03c1\u03c9\u03c0\u03b1\u03ca\u03ba\u03bf\u03cd \u039a\u03bf\u03b9\u03bd\u03bf\u03b2\u03bf\u03c5\u03bb\u03af\u03bf\u03c5 \u03ba\u03b1\u03b9, \u03c0\u03c1\u03c9\u03c4\u03af\u03c3\u03c4\u03c9\u03c2, \u03ad\u03bd\u03b1\u03c2 \u03b1\u03b3\u03b1\u03c0\u03b7\u03bc\u03ad\u03bd\u03bf\u03c2 \u03c6\u03af\u03bb\u03bf\u03c2. \u039f\u03b9 \u03c3\u03ba\u03ad\u03c8\u03b5\u03b9\u03c2 \u03bc\u03bf\u03c5 \u03b5\u03af\u03bd\u03b1\u03b9 \u03bc\u03b5 \u03c4\u03b7\u03bd \u03bf\u03b9\u03ba\u03bf\u03b3\u03ad\u03bd\u03b5\u03b9\u03ac \u03c4\u03bf\u03c5. \u0391\u03bd\u03b1\u03c0\u03b1\u03cd\u03c3\u03bf\u03c5 \u03b5\u03bd \u03b5\u03b9\u03c1\u03ae\u03bd\u03b7 \u03b1\u03b3\u03b1\u03c0\u03b7\u03bc\u03ad\u03bd\u03b5 \u039d\u03c4\u03ac\u03b2\u03b9\u03bd\u03c4!\u00bb.<\/p>\n<blockquote class=\"twitter-tweet\">\n<p dir=\"ltr\" lang=\"en\">I am deeply saddened by the terrible loss of a great European &amp; proud Italian.<\/p>\n<p>David Sassoli was a compassionate journalist, an outstanding President of the European Parliament and, first &amp; foremost, a dear friend.<\/p>\n<p>My thoughts are with his family.<\/p>\n<p>Riposa in pace, caro David!<\/p>\n<p>\u2014 Ursula von der Leyen (@vonderleyen) <a href=\"https:\/\/twitter.com\/vonderleyen\/status\/1480781118483976196?ref_src=twsrc%5Etfw\" rel=\"noopener\">January 11, 2022<\/a><\/p><\/blockquote>\n<p><script async src=\"https:\/\/platform.twitter.com\/widgets.js\" charset=\"utf-8\"><\/script><\/p>\n<p>\u039f \u0399\u03c4\u03b1\u03bb\u03cc\u03c2 \u0395\u03c0\u03af\u03c4\u03c1\u03bf\u03c0\u03bf\u03c2 \u039f\u03b9\u03ba\u03bf\u03bd\u03bf\u03bc\u03af\u03b1\u03c2 \u03a0\u03ac\u03bf\u03bb\u03bf \u03a4\u03b6\u03b5\u03bd\u03c4\u03b9\u03bb\u03cc\u03bd\u03b9 \u03b5\u03be\u03ad\u03c6\u03c1\u03b1\u03c3\u03b5 \u03c4\u03b7 \u03bb\u03cd\u03c0\u03b7 \u03ba\u03b1\u03b9 \u03c4\u03b7 \u03c3\u03c5\u03b3\u03ba\u03af\u03bd\u03b7\u03c3\u03ae \u03c4\u03bf\u03c5 \u03bc\u03b5 \u03bc\u03ae\u03bd\u03c5\u03bc\u03ac \u03c4\u03bf\u03c5 \u03c3\u03c4\u03bf twitter: \u00ab\u039f \u039d\u03c4\u03b1\u03b2\u03af\u03bd\u03c4 \u03a3\u03b1\u03c3\u03cc\u03bb\u03b9 \u03bc\u03b1\u03c2 \u03ac\u03c6\u03b7\u03c3\u03b5. \u0395\u03af\u03bd\u03b1\u03b9 \u03bc\u03b9\u03b1 \u03c4\u03c1\u03bf\u03bc\u03b5\u03c1\u03ae \u03b5\u03af\u03b4\u03b7\u03c3\u03b7 \u03b1\u03c5\u03c4\u03ae \u03b3\u03b9\u03b1 \u03cc\u03bb\u03bf\u03c5\u03c2 \u03b5\u03bc\u03ac\u03c2 \u03c3\u03c4\u03b7\u03bd \u0399\u03c4\u03b1\u03bb\u03af\u03b1 \u03ba\u03b1\u03b9 \u03c3\u03c4\u03b7\u03bd \u0395\u03c5\u03c1\u03ce\u03c0\u03b7. \u0398\u03b1 \u03c3\u03b5 \u03b8\u03c5\u03bc\u03cc\u03bc\u03b1\u03c3\u03c4\u03b5 \u03c9\u03c2 \u03ad\u03bd\u03b1 \u03b4\u03b7\u03bc\u03bf\u03ba\u03c1\u03b1\u03c4\u03b9\u03ba\u03cc \u03ba\u03b1\u03b9 \u03c6\u03b9\u03bb\u03bf\u03b5\u03c5\u03c1\u03c9\u03c0\u03b1\u03af\u03bf \u03b7\u03b3\u03ad\u03c4\u03b7. \u0389\u03c3\u03bf\u03c5\u03bd \u03ad\u03bd\u03b1\u03c2 \u03ac\u03bd\u03b8\u03c1\u03c9\u03c0\u03bf\u03c2 \u03be\u03b5\u03ba\u03ac\u03b8\u03b1\u03c1\u03bf\u03c2, \u03b3\u03b5\u03bd\u03bd\u03b1\u03b9\u03cc\u03b4\u03c9\u03c1\u03bf\u03c2, \u03c7\u03b1\u03c1\u03bf\u03cd\u03bc\u03b5\u03bd\u03bf\u03c2, \u03b4\u03b7\u03bc\u03bf\u03c6\u03b9\u03bb\u03ae\u03c2. \u0391\u03b3\u03ba\u03b1\u03bb\u03b9\u03ac\u03b6\u03c9 \u03c4\u03b7\u03bd \u03bf\u03b9\u03ba\u03bf\u03b3\u03ad\u03bd\u03b5\u03b9\u03ac \u03c3\u03bf\u03c5. \u0391\u03bd\u03b1\u03c0\u03b1\u03cd\u03c3\u03bf\u03c5 \u03b5\u03bd \u03b5\u03b9\u03c1\u03ae\u03bd\u03b7\u00bb, \u03b5\u03af\u03bd\u03b1\u03b9 \u03c4\u03b1 \u03bb\u03cc\u03b3\u03b9\u03b1 \u03c4\u03bf\u03c5 \u03a0\u03ac\u03bf\u03bb\u03bf \u03a4\u03b6\u03b5\u03bd\u03c4\u03b9\u03bb\u03cc\u03bd\u03b9.<\/p>\n<p>&nbsp;<\/p>\n<blockquote class=\"twitter-tweet\">\n<p dir=\"ltr\" lang=\"en\">David <a href=\"https:\/\/twitter.com\/hashtag\/Sassoli?src=hash&amp;ref_src=twsrc%5Etfw\" rel=\"noopener\">#Sassoli<\/a> has died. A terribile loss for his family and all of us. I will always remember his leadership, his passion, his generous friendship. <a href=\"https:\/\/twitter.com\/hashtag\/CiaoDavid?src=hash&amp;ref_src=twsrc%5Etfw\" rel=\"noopener\">#CiaoDavid<\/a><\/p>\n<p>\u2014 Paolo Gentiloni (@PaoloGentiloni) <a href=\"https:\/\/twitter.com\/PaoloGentiloni\/status\/1480786433824763904?ref_src=twsrc%5Etfw\" rel=\"noopener\">January 11, 2022<\/a><\/p><\/blockquote>\n<p><script async src=\"https:\/\/platform.twitter.com\/widgets.js\" charset=\"utf-8\"><\/script><\/p>\n<p>\u039f \u03b1\u03bd\u03c4\u03b9\u03c0\u03c1\u03cc\u03b5\u03b4\u03c1\u03bf\u03c2 \u03c4\u03b7\u03c2 \u0395\u03c0\u03b9\u03c4\u03c1\u03bf\u03c0\u03ae\u03c2 \u039c\u03b1\u03c1\u03b3\u03b1\u03c1\u03af\u03c4\u03b7\u03c2 \u03a3\u03c7\u03bf\u03b9\u03bd\u03ac\u03c2 \u03ad\u03b3\u03c1\u03b1\u03c8\u03b5 \u03c3\u03c4\u03bf twitter: \u00ab\u0391\u03c0\u03cc \u03c4\u03bf\u03bd \u0388\u03b2\u03c1\u03bf \u03c9\u03c2 \u03c4\u03bf\u03bd \u03b5\u03bf\u03c1\u03c4\u03b1\u03c3\u03bc\u03cc \u03c4\u03c9\u03bd 40 \u03c7\u03c1\u03cc\u03bd\u03c9\u03bd \u03c4\u03b7\u03c2 \u03ad\u03bd\u03c4\u03b1\u03be\u03b7\u03c2, \u03bf \u039d\u03c4\u03b1\u03b2\u03af\u03bd\u03c4 \u03a3\u03b1\u03c3\u03cc\u03bb\u03b9 \u03ae\u03c4\u03b1\u03bd \u03c0\u03ac\u03bd\u03c4\u03b1 \u03c0\u03b1\u03c1\u03ce\u03bd \u03c3\u03c4\u03b1 \u03bc\u03b5\u03b3\u03ac\u03bb\u03b1 \u03b5\u03c5\u03c1\u03c9\u03c0\u03b1\u03ca\u03ba\u03ac \u03c1\u03b1\u03bd\u03c4\u03b5\u03b2\u03bf\u03cd \u03c4\u03b7\u03c2 \u0395\u03bb\u03bb\u03ac\u03b4\u03b1\u03c2. \u0391\u03b3\u03b1\u03c0\u03bf\u03cd\u03c3\u03b5 \u03c4\u03b7\u03bd \u0395\u03bb\u03bb\u03ac\u03b4\u03b1 \u03bc\u03b5 \u03c0\u03ac\u03b8\u03bf\u03c2. \u039c\u03bf\u03c5 \u03b5\u03af\u03c7\u03b5 \u03b6\u03b7\u03c4\u03ae\u03c3\u03b5\u03b9 \u03bd\u03b1 \u03bf\u03c1\u03b3\u03b1\u03bd\u03ce\u03c3\u03c9 \u03bc\u03b9\u03b1 \u03b5\u03c0\u03af\u03c3\u03ba\u03b5\u03c8\u03b7 \u03c3\u03c4\u03bf \u0386\u03b3\u03b9\u03bf \u038c\u03c1\u03bf\u03c2 \u03c4\u03b7\u03bd \u03ac\u03bd\u03bf\u03b9\u03be\u03b7. \u0394\u03b5\u03bd \u03c0\u03c1\u03bf\u03bb\u03ac\u03b2\u03b1\u03bc\u03b5. \u039a\u03b1\u03bb\u03cc \u03c4\u03b1\u03be\u03af\u03b4\u03b9 Presidente!\u00bb<\/p>\n<p>&nbsp;<\/p>\n<blockquote class=\"twitter-tweet\">\n<p dir=\"ltr\" lang=\"el\">\u0391\u03c0\u03cc \u03c4\u03bf\u03bd \u0388\u03b2\u03c1\u03bf \u03c9\u03c2 \u03c4\u03bf\u03bd \u03b5\u03bf\u03c1\u03c4\u03b1\u03c3\u03bc\u03cc \u03c4\u03c9\u03bd 40 \u03c7\u03c1\u03cc\u03bd\u03c9\u03bd \u03c4\u03b7\u03c2 \u03ad\u03bd\u03c4\u03b1\u03be\u03b7\u03c2, \u03bf \u039d\u03c4\u03b1\u03b2\u03af\u03bd\u03c4 \u03a3\u03b1\u03c3\u03cc\u03bb\u03b9 \u03ae\u03c4\u03b1\u03bd \u03c0\u03ac\u03bd\u03c4\u03b1 \u03c0\u03b1\u03c1\u03ce\u03bd \u03c3\u03c4\u03b1 \u03bc\u03b5\u03b3\u03ac\u03bb\u03b1 \u03b5\u03c5\u03c1\u03c9\u03c0\u03b1\u03ca\u03ba\u03ac \u03c1\u03b1\u03bd\u03c4\u03b5\u03b2\u03bf\u03cd \u03c4\u03b7\u03c2 \u0395\u03bb\u03bb\u03ac\u03b4\u03b1\u03c2. \u0391\u03b3\u03b1\u03c0\u03bf\u03cd\u03c3\u03b5 \u03c4\u03b7\u03bd \u0395\u03bb\u03bb\u03ac\u03b4\u03b1 \u03bc\u03b5 \u03c0\u03ac\u03b8\u03bf\u03c2.<\/p>\n<p>\u039c\u03bf\u03c5 \u03b5\u03af\u03c7\u03b5 \u03b6\u03b7\u03c4\u03ae\u03c3\u03b5\u03b9 \u03bd\u03b1 \u03bf\u03c1\u03b3\u03b1\u03bd\u03ce\u03c3\u03c9 \u03bc\u03b9\u03b1 \u03b5\u03c0\u03af\u03c3\u03ba\u03b5\u03c8\u03b7 \u03c3\u03c4\u03bf \u0386\u03b3\u03b9\u03bf \u038c\u03c1\u03bf\u03c2 \u03c4\u03b7\u03bd \u03ac\u03bd\u03bf\u03b9\u03be\u03b7. \u0394\u03b5\u03bd \u03c0\u03c1\u03bf\u03bb\u03ac\u03b2\u03b1\u03bc\u03b5.<\/p>\n<p>\u039a\u03b1\u03bb\u03cc \u03c4\u03b1\u03be\u03af\u03b4\u03b9 Presidente !<\/p>\n<p>\u2014 Margaritis Schinas (@MargSchinas) <a href=\"https:\/\/twitter.com\/MargSchinas\/status\/1480825319456137216?ref_src=twsrc%5Etfw\" rel=\"noopener\">January 11, 2022<\/a><\/p><\/blockquote>\n<p><script async src=\"https:\/\/platform.twitter.com\/widgets.js\" charset=\"utf-8\"><\/script><\/p>\n<p>\u00abE\u03af\u03bc\u03b1\u03b9 \u03b2\u03b1\u03b8\u03b9\u03ac \u03bb\u03c5\u03c0\u03b7\u03bc\u03ad\u03bd\u03b7 \u03bc\u03b5 \u03c4\u03b7\u03bd \u03b5\u03af\u03b4\u03b7\u03c3\u03b7 \u03c4\u03bf\u03c5 \u03b8\u03b1\u03bd\u03ac\u03c4\u03bf\u03c5 \u03c4\u03bf\u03c5 \u03a0\u03c1\u03bf\u03ad\u03b4\u03c1\u03bf\u03c5 \u03c4\u03bf\u03c5 \u0395\u03c5\u03c1\u03c9\u03c0\u03b1\u03ca\u03ba\u03bf\u03cd \u039a\u03bf\u03b9\u03bd\u03bf\u03b2\u03bf\u03c5\u03bb\u03af\u03bf\u03c5. \u0388\u03bd\u03b1\u03c2 \u03c0\u03c1\u03b1\u03b3\u03bc\u03b1\u03c4\u03b9\u03ba\u03cc\u03c2 \u0395\u03c5\u03c1\u03c9\u03c0\u03b1\u03af\u03bf\u03c2 \u03c0\u03bf\u03c5 \u03b8\u03b1 \u03b8\u03c5\u03bc\u03cc\u03bc\u03b1\u03c3\u03c4\u03b5 \u03c4\u03bf \u03ad\u03c1\u03b3\u03bf \u03ba\u03b1\u03b9 \u03c4\u03b7\u03bd \u03ba\u03bb\u03b7\u03c1\u03bf\u03bd\u03bf\u03bc\u03b9\u03ac \u03c4\u03bf\u03c5. \u03a4\u03b1 \u03b5\u03b9\u03bb\u03b9\u03ba\u03c1\u03b9\u03bd\u03ae \u03bc\u03bf\u03c5 \u03c3\u03c5\u03bb\u03bb\u03c5\u03c0\u03b7\u03c4\u03ae\u03c1\u03b9\u03b1 \u03ba\u03b1\u03b9 \u03bf\u03b9 \u03c3\u03ba\u03ad\u03c8\u03b5\u03b9\u03c2 \u03bc\u03bf\u03c5 \u03b2\u03c1\u03af\u03c3\u03ba\u03bf\u03bd\u03c4\u03b1\u03b9 \u03c3\u03c4\u03b7\u03bd \u03bf\u03b9\u03ba\u03bf\u03b3\u03ad\u03bd\u03b5\u03b9\u03ac \u03c4\u03bf\u03c5 \u03ba\u03b1\u03b9 \u03c4\u03bf\u03c5\u03c2 \u03b1\u03b3\u03b1\u03c0\u03b7\u03bc\u03ad\u03bd\u03bf\u03c5\u03c2 \u03c4\u03bf\u03c5 \u03c3\u03ae\u03bc\u03b5\u03c1\u03b1\u00bb, \u03ad\u03b3\u03c1\u03b1\u03c8\u03b5 \u03b7 \u0395\u03c0\u03af\u03c4\u03c1\u03bf\u03c0\u03bf\u03c2 \u03a5\u03b3\u03b5\u03af\u03b1\u03c2, \u03a3\u03c4\u03ad\u03bb\u03bb\u03b1 \u039a\u03c5\u03c1\u03b9\u03b1\u03ba\u03af\u03b4\u03bf\u03c5.<\/p>\n<p>&nbsp;<\/p>\n<blockquote class=\"twitter-tweet\">\n<p dir=\"ltr\" lang=\"en\">Deeply saddened this morning to learn of the passing of <a href=\"https:\/\/twitter.com\/EP_President?ref_src=twsrc%5Etfw\" rel=\"noopener\">@EP_President<\/a>.<\/p>\n<p>A true European whose work and legacy we will remember.<\/p>\n<p>My most sincere condolences and thoughts are with his family and loved ones today. <a href=\"https:\/\/t.co\/9WdqOCvLf2\">pic.twitter.com\/9WdqOCvLf2<\/a><\/p>\n<p>\u2014 Stella Kyriakides (@SKyriakidesEU) <a href=\"https:\/\/twitter.com\/SKyriakidesEU\/status\/1480805735353270272?ref_src=twsrc%5Etfw\" rel=\"noopener\">January 11, 2022<\/a><\/p><\/blockquote>\n<p><script async src=\"https:\/\/platform.twitter.com\/widgets.js\" charset=\"utf-8\"><\/script><\/p>\n<p><strong>\u03a4\u03b1 \u03c3\u03c5\u03bb\u03bb\u03c5\u03c0\u03b7\u03c4\u03ae\u03c1\u03b9\u03b1 \u03b1\u03c0\u03cc \u03c4\u03bf \u0395\u03c5\u03c1\u03c9\u03c0\u03b1\u03ca\u03ba\u03cc \u039a\u03bf\u03b9\u03bd\u03bf\u03b2\u03bf\u03cd\u03bb\u03b9\u03bf<\/strong><\/p>\n<p>\u00ab\u039c\u03b5 \u03bc\u03b5\u03b3\u03ac\u03bb\u03b7 \u03bc\u03b1\u03c2 \u03bb\u03cd\u03c0\u03b7 \u03b1\u03bd\u03b1\u03ba\u03bf\u03b9\u03bd\u03ce\u03bd\u03bf\u03c5\u03bc\u03b5 \u03c4\u03bf\u03bd \u03b8\u03ac\u03bd\u03b1\u03c4\u03bf \u03c4\u03bf\u03c5 \u03c0\u03c1\u03bf\u03ad\u03b4\u03c1\u03bf\u03c5 \u039d\u03c4\u03ad\u03b9\u03b2\u03b9\u03bd\u03c4 \u03a3\u03b1\u03c3\u03cc\u03bb\u03b9. \u03a4\u03b1 \u03b8\u03b5\u03c1\u03bc\u03ac \u03bc\u03b1\u03c2 \u03c3\u03c5\u03bb\u03bb\u03c5\u03c0\u03b7\u03c4\u03ae\u03c1\u03b9\u03b1 \u03c3\u03c4\u03b7\u03bd \u03bf\u03b9\u03ba\u03bf\u03b3\u03ad\u03bd\u03b5\u03b9\u03ac \u03c4\u03bf\u03c5 \u03ba\u03b1\u03b9 \u03c3\u03b5 \u03cc\u03bb\u03bf\u03c5\u03c2 \u03cc\u03c3\u03bf\u03b9 \u03b5\u03af\u03c7\u03b1\u03bd \u03c4\u03b7 \u03c7\u03b1\u03c1\u03ac \u03bd\u03b1 \u03c3\u03c5\u03bd\u03b5\u03c1\u03b3\u03b1\u03c3\u03c4\u03bf\u03cd\u03bd \u03bc\u03b1\u03b6\u03af \u03c4\u03bf\u03c5 \u03ba\u03b1\u03b9 \u03bd\u03b1 \u03c4\u03bf\u03bd \u03c3\u03c5\u03bd\u03b1\u03bd\u03c4\u03ae\u03c3\u03bf\u03c5\u03bd\u00bb, \u03b5\u03af\u03bd\u03b1\u03b9 \u03c4\u03bf \u03bc\u03ae\u03bd\u03c5\u03bc\u03b1 \u03c0\u03bf\u03c5 \u03b4\u03b7\u03bc\u03bf\u03c3\u03af\u03b5\u03c5\u03c3\u03b5 \u03c3\u03c4\u03bf Twitter \u03bf \u03b5\u03ba\u03c0\u03c1\u03cc\u03c3\u03c9\u03c0\u03bf\u03c2 \u03c4\u03bf\u03c5 \u0395\u03c5\u03c1\u03c9\u03c0\u03b1\u03ca\u03ba\u03bf\u03cd \u039a\u03bf\u03b9\u03bd\u03bf\u03b2\u03bf\u03c5\u03bb\u03af\u03bf\u03c5 Jaume Duch.<\/p>\n<blockquote class=\"twitter-tweet\">\n<p dir=\"ltr\" lang=\"en\">It is with great sorrow that we announce the passing of President David Sassoli . Our deepest condolences are with his family and all who had the pleasure of working with him and knowing him. <a href=\"https:\/\/t.co\/Vr2QOGxgIo\">pic.twitter.com\/Vr2QOGxgIo<\/a><\/p>\n<p>\u2014 Jaume Duch (@jduch) <a href=\"https:\/\/twitter.com\/jduch\/status\/1480789634397396996?ref_src=twsrc%5Etfw\" rel=\"noopener\">January 11, 2022<\/a><\/p><\/blockquote>\n<p><script async src=\"https:\/\/platform.twitter.com\/widgets.js\" charset=\"utf-8\"><\/script><\/p>\n<p>\u0397 \u03c0\u03c1\u03ce\u03c4\u03b7 \u03b1\u03bd\u03c4\u03b9\u03c0\u03c1\u03cc\u03b5\u03b4\u03c1\u03bf\u03c2 \u03c4\u03bf\u03c5 \u0395\u03c5\u03c1\u03c9\u03c0\u03b1\u03ca\u03ba\u03bf\u03cd \u039a\u03bf\u03b9\u03bd\u03bf\u03b2\u03bf\u03c5\u03bb\u03af\u03bf\u03c5 \u03ba\u03b1\u03b9 \u03b2\u03bf\u03c5\u03bb\u03b5\u03c5\u03c4\u03ae\u03c2 \u03c4\u03bf\u03c5 \u0395\u03c5\u03c1\u03c9\u03c0\u03b1\u03ca\u03ba\u03bf\u03cd \u039b\u03b1\u03ca\u03ba\u03bf\u03cd \u039a\u03cc\u03bc\u03bc\u03b1\u03c4\u03bf\u03c2 (\u0395\u039b\u039a) \u03a1\u03bf\u03bc\u03c0\u03ad\u03c1\u03c4\u03b1 \u039c\u03ad\u03c4\u03c3\u03bf\u03bb\u03b1 \u03b4\u03ae\u03bb\u03c9\u03c3\u03b5 \u00ab\u03c3\u03c5\u03bd\u03c4\u03b5\u03c4\u03c1\u03b9\u03bc\u03bc\u03ad\u03bd\u03b7\u00bb \u03b1\u03c0\u03cc \u03c4\u03bf\u03bd \u03b8\u03ac\u03bd\u03b1\u03c4\u03bf \u03c4\u03bf\u03c5 \u03a3\u03b1\u03c3\u03cc\u03bb\u03b9. \u00ab\u0397 \u0395\u03c5\u03c1\u03ce\u03c0\u03b7 \u03ad\u03c7\u03b1\u03c3\u03b5 \u03ad\u03bd\u03b1\u03bd \u03b7\u03b3\u03ad\u03c4\u03b7, \u03b5\u03b3\u03ce \u03ad\u03c7\u03b1\u03c3\u03b1 \u03ad\u03bd\u03b1\u03bd \u03c6\u03af\u03bb\u03bf, \u03b7 \u03b4\u03b7\u03bc\u03bf\u03ba\u03c1\u03b1\u03c4\u03af\u03b1 \u03ad\u03c7\u03b1\u03c3\u03b5 \u03ad\u03bd\u03b1\u03bd \u03c0\u03c1\u03c9\u03c4\u03b1\u03b8\u03bb\u03b7\u03c4\u03ae. \u039f \u039d\u03c4\u03b1\u03b2\u03af\u03bd\u03c4 \u03a3\u03b1\u03c3\u03cc\u03bb\u03b9 \u03b5\u03af\u03c7\u03b5 \u03b1\u03c6\u03b9\u03b5\u03c1\u03ce\u03c3\u03b5\u03b9 \u03c4\u03b7 \u03b6\u03c9\u03ae \u03c4\u03bf\u03c5 \u03b3\u03b9\u03b1 \u03bd\u03b1 \u03ba\u03ac\u03bd\u03b5\u03b9 \u03c4\u03bf\u03bd \u03ba\u03cc\u03c3\u03bc\u03bf \u03ba\u03b1\u03bb\u03cd\u03c4\u03b5\u03c1\u03bf \u03ba\u03b1\u03b9 \u03c0\u03b9\u03bf \u03b4\u03af\u03ba\u03b1\u03b9\u03bf. \u03a4\u03bf \u0395\u03c5\u03c1\u03c9\u03c0\u03b1\u03ca\u03ba\u03cc \u039a\u03bf\u03b9\u03bd\u03bf\u03b2\u03bf\u03cd\u03bb\u03b9\u03bf \u03b5\u03bd\u03ce\u03bd\u03b5\u03c4\u03b1\u03b9 \u03bc\u03b5 \u03c4\u03b7\u03bd \u0391\u03bb\u03b5\u03c3\u03ac\u03bd\u03c4\u03c1\u03b1, \u03c4\u03bf\u03bd \u03a4\u03b6\u03bf\u03cd\u03bb\u03b9\u03bf \u03ba\u03b1\u03b9 \u03c4\u03b7 \u039b\u03af\u03b2\u03b9\u03b1 \u03c0\u03bf\u03c5 \u03b8\u03c1\u03b7\u03bd\u03bf\u03cd\u03bd \u03c4\u03b7\u03bd \u03b1\u03c0\u03ce\u03bb\u03b5\u03b9\u03ac \u03c4\u03bf\u03c5. \u038c\u03bb\u03b5\u03c2 \u03bc\u03bf\u03c5 \u03bf\u03b9 \u03c3\u03ba\u03ad\u03c8\u03b5\u03b9\u03c2 \u03b5\u03af\u03bd\u03b1\u03b9 \u03bc\u03b1\u03b6\u03af \u03c4\u03bf\u03c5\u03c2\u00bb.<\/p>\n<blockquote class=\"twitter-tweet\">\n<p dir=\"ltr\" lang=\"en\">I am heartbroken. Europe has lost a leader, I have a lost a friend, democracy has lost a champion.<a href=\"https:\/\/twitter.com\/hashtag\/DavidSassoli?src=hash&amp;ref_src=twsrc%5Etfw\" rel=\"noopener\">#DavidSassoli<\/a> dedicated his life to making the world a better, fairer place.<\/p>\n<p>His Parliament joins Alessandra, Giulio &amp; Livia in mourning their loss. All my thoughts are with them <a href=\"https:\/\/t.co\/kO8DsQIqSj\">https:\/\/t.co\/kO8DsQIqSj<\/a><\/p>\n<p>\u2014 Roberta Metsola MEP (@RobertaMetsola) <a href=\"https:\/\/twitter.com\/RobertaMetsola\/status\/1480765022846476289?ref_src=twsrc%5Etfw\" rel=\"noopener\">January 11, 2022<\/a><\/p><\/blockquote>\n<p><script async src=\"https:\/\/platform.twitter.com\/widgets.js\" charset=\"utf-8\"><\/script><\/p>\n","protected":false},"excerpt":{"rendered":"<p>\u03a3\u03c5\u03b3\u03ba\u03bb\u03bf\u03bd\u03b9\u03c3\u03bc\u03ad\u03bd\u03b7 \u03b5\u03af\u03bd\u03b1\u03b9 \u03b7 \u0395\u03c5\u03c1\u03ce\u03c0\u03b7 \u03b1\u03c0\u03cc \u03c4\u03bf\u03bd \u03b1\u03b9\u03c6\u03bd\u03af\u03b4\u03b9\u03bf \u03c7\u03b1\u03bc\u03cc \u03c4\u03bf\u03c5 \u03c0\u03c1\u03bf\u03ad\u03b4\u03c1\u03bf\u03c5 \u03c4\u03bf\u03c5 \u0395\u03c5\u03c1\u03c9\u03c0\u03b1\u03ca\u03ba\u03bf\u03cd \u039a\u03bf\u03b9\u03bd\u03bf\u03b2\u03bf\u03c5\u03bb\u03af\u03bf\u03c5 \u039d\u03c4\u03b1\u03b2\u03af\u03bd\u03c4 \u03a3\u03b1\u03c3\u03cc\u03bb\u03b9, \u03c0\u03bf\u03c5 \u03c0\u03ad\u03b8\u03b1\u03bd\u03b5 \u03c4\u03b9\u03c2 \u03c0\u03c1\u03ce\u03c4\u03b5\u03c2 \u03c0\u03c1\u03c9\u03b9\u03bd\u03ad\u03c2 \u03ce\u03c1\u03b5\u03c2 \u03c4\u03b7\u03c2 \u03a4\u03c1\u03af\u03c4\u03b7\u03c2. T\u03bf\u03bd \u03b8\u03ac\u03bd\u03b1\u03c4\u03cc \u03c4\u03bf\u03c5 \u03b1\u03bd\u03b1\u03ba\u03bf\u03af\u03bd\u03c9\u03c3\u03b5 \u03c4\u03b1 \u03be\u03b7\u03bc\u03b5\u03c1\u03ce\u03bc\u03b1\u03c4\u03b1 \u03bf \u03b5\u03ba\u03c0\u03c1\u03cc\u03c3\u03c9\u03c0\u03cc\u03c2 \u03c4\u03bf\u03c5 \u03a1\u03bf\u03bc\u03c0\u03ad\u03c1\u03c4\u03bf \u039a\u03bf\u03cd\u03b9\u03bb\u03bf: \u00ab\u039f \u039d\u03c4\u03ac\u03b2\u03b9\u03bd\u03c4 \u03a3\u03b1\u03c3\u03cc\u03bb\u03b9 \u03b1\u03c0\u03b5\u03b2\u03af\u03c9\u03c3\u03b5 \u03c3\u03c4\u03b7 1:15 \u03c3\u03c4\u03b9\u03c2 11 \u0399\u03b1\u03bd\u03bf\u03c5\u03b1\u03c1\u03af\u03bf\u03c5 \u03c3\u03c4\u03bf o\u03b3\u03ba\u03bf\u03bb\u03bf\u03b3\u03b9\u03ba\u03cc \u03bd\u03bf\u03c3\u03bf\u03ba\u03bf\u03bc\u03b5\u03af\u03bf CRO \u03c3\u03c4\u03bf \u0391\u03b2\u03b9\u03ac\u03bd\u03bf \u03c4\u03b7\u03c2 \u0399\u03c4\u03b1\u03bb\u03af\u03b1\u03c2, \u03cc\u03c0\u03bf\u03c5 \u03bd\u03bf\u03c3\u03b7\u03bb\u03b5\u03c5\u03cc\u03c4\u03b1\u03bd. H \u03b7\u03bc\u03ad\u03c1\u03b1 [&hellip;]<\/p>\n","protected":false},"author":8,"featured_media":1738430,"comment_status":"open","ping_status":"open","sticky":false,"template":"","format":"standard","meta":[],"categories":[231782],"tags":[232069,1798,231840,233203],"amp_enabled":true,"_links":{"self":[{"href":"https:\/\/www.enikos.gr\/v2\/wp\/v2\/posts\/1738419"}],"collection":[{"href":"https:\/\/www.enikos.gr\/v2\/wp\/v2\/posts"}],"about":[{"href":"https:\/\/www.enikos.gr\/v2\/wp\/v2\/types\/post"}],"author":[{"embeddable":true,"href":"https:\/\/www.enikos.gr\/v2\/wp\/v2\/users\/8"}],"replies":[{"embeddable":true,"href":"https:\/\/www.enikos.gr\/v2\/wp\/v2\/comments?post=1738419"}],"version-history":[{"count":0,"href":"https:\/\/www.enikos.gr\/v2\/wp\/v2\/posts\/1738419\/revisions"}],"wp:featuredmedia":[{"embeddable":true,"href":"https:\/\/www.enikos.gr\/v2\/wp\/v2\/media\/1738430"}],"wp:attachment":[{"href":"https:\/\/www.enikos.gr\/v2\/wp\/v2\/media?parent=1738419"}],"wp:term":[{"taxonomy":"category","embeddable":true,"href":"https:\/\/www.enikos.gr\/v2\/wp\/v2\/categories?post=1738419"},{"taxonomy":"post_tag","embeddable":true,"href":"https:\/\/www.enikos.gr\/v2\/wp\/v2\/tags?post=1738419"}],"curies":[{"name":"wp","href":"https:\/\/api.w.org\/{rel}","templated":true}]}}